{"id":29084,"date":"2016-04-22T08:43:06","date_gmt":"2016-04-22T05:43:06","guid":{"rendered":"https:\/\/www.giurgiuveanul.ro\/stiri\/?p=29084"},"modified":"2016-04-22T08:43:06","modified_gmt":"2016-04-22T05:43:06","slug":"vineri-zi-cruciala-pentru-liviu-dragnea-se-da-sentinta-finala-in-dosarul-referendumului-cati-ani-de-inchisoare-risca","status":"publish","type":"post","link":"https:\/\/www.giurgiuveanul.ro\/stiri\/vineri-zi-cruciala-pentru-liviu-dragnea-se-da-sentinta-finala-in-dosarul-referendumului-cati-ani-de-inchisoare-risca\/","title":{"rendered":"Vineri, zi CRUCIAL\u0102 pentru Liviu Dragnea. Se d\u0103 sentin\u0163a FINAL\u0102 \u00een Dosarul Referendumului. C\u00e2\u0163i ani de \u00eenchisoare risc\u0103"},"content":{"rendered":"<p style=\"text-align: justify;\"><strong><a href=\"https:\/\/www.giurgiuveanul.ro\/stiri\/wp-content\/uploads\/2016\/04\/dragnea-condamnat.jpg\"><img loading=\"lazy\" decoding=\"async\" class=\"aligncenter size-large wp-image-29085\" src=\"https:\/\/www.giurgiuveanul.ro\/stiri\/wp-content\/uploads\/2016\/04\/dragnea-condamnat-560x367.jpg\" alt=\"dragnea condamnat\" width=\"560\" height=\"367\" srcset=\"https:\/\/www.giurgiuveanul.ro\/stiri\/wp-content\/uploads\/2016\/04\/dragnea-condamnat-560x367.jpg 560w, https:\/\/www.giurgiuveanul.ro\/stiri\/wp-content\/uploads\/2016\/04\/dragnea-condamnat-250x164.jpg 250w, https:\/\/www.giurgiuveanul.ro\/stiri\/wp-content\/uploads\/2016\/04\/dragnea-condamnat-400x262.jpg 400w, https:\/\/www.giurgiuveanul.ro\/stiri\/wp-content\/uploads\/2016\/04\/dragnea-condamnat.jpg 620w\" sizes=\"auto, (max-width: 560px) 100vw, 560px\" \/><\/a>Liviu Dragnea a\u015fteapt\u0103 vineri, 22 aprilie, sentin\u0163a final\u0103 \u00een Dosarul Referendumului din 2012. Pre\u015fedintele Partidului Social Democrat risc\u0103 o pedeaps\u0103 cu \u00eenchisoare cuprins\u0103 \u00eentre<!--more--> trei \u015fi cinci ani, conform procurorilor anticorup\u0163ie, care au solicitat o condamnare cu executare.<\/strong><\/p>\n<p style=\"text-align: justify;\">Dosarul Referendumului a ajuns la final. Instan\u0163a Suprem\u0103 va da sentin\u0163a pe 22 aprilie. Cel mai sumbru scenariu pentru Liviu Dragnea \u015fi PSD ar fi pedeapsa cu \u00eenchisoare cu executare.<\/p>\n<p style=\"text-align: justify;\">&#8222;A\u015f vrea s\u0103 v\u0103 rog s\u0103 nu lua\u0163i \u00een seam\u0103 caracterizarea f\u0103cut\u0103 de DNA. Nu aceasta este atitudinea mea fa\u0163\u0103 de oameni. M\u0103rturie stau cei 20 de ani \u00een serviciul public. Militan\u0163ii, nu numai din PSD, ci ai tuturor partidelor \u00eendeamn\u0103 lumea la vot pentru c\u0103 este sensul unei campanii electorale. La referendum a fost o confruntare dur\u0103 \u00eentre poporul rom\u00e2n \u015fi B\u0103sescu. Niciun partid nu putea ob\u0163ine foloase necuvenite. Cred cu t\u0103rie \u00een nevinov\u0103\u0163ia mea \u015fi solicit achitarea&#8221;, au fost ultimele cuvinte ale liderului PSD, Liviu Dragnea, \u00een fa\u0163a judec\u0103torilor \u00een urm\u0103 cu dou\u0103 s\u0103pt\u0103m\u00e2ni.<\/p>\n<p style=\"text-align: justify;\">Judec\u0103torii au avut la dispozi\u0163ie 14 zile pentru a c\u00e2nt\u0103ri ultimele pledoarii ale p\u0103r\u0163ilor \u00een dosarul &#8222;Referendemul&#8221;.<\/p>\n<p style=\"text-align: justify;\"><strong>DNA a cerut pentru Dragnea \u00eenchisoare cu executare<\/strong><\/p>\n<p style=\"text-align: justify;\">\u00cen ultimul termen din dosar procurorul DNA a cerut judec\u0103torilor de la \u00cenalta Curte de Casa\u021bie \u0219i Justi\u021bie aplicarea unei pedepse de \u00eenchisoare cu executare pentru liderul PSD, Liviu Dragnea, inculpat \u00een dosarul &#8222;Referendumul&#8221;. Procurorul a ar\u0103tat c\u0103 limitele pedepsei pentru faptele care ar fi fost s\u0103v\u00e2r\u0219ite de liderul PSD se \u00eencadreaz\u0103 \u00eentre 3 \u0219i 5 ani.<\/p>\n<p style=\"text-align: justify;\">Reprezentantul DNA a sus\u021binut c\u0103 Liviu Dragnea a avut o conduit\u0103 &#8222;ilicit\u0103&#8221; \u0219i s-a folosit de toate mijloacele pe care le-a avut la dispozi\u021bie pentru a-i determina pe reprezentan\u021bii partidului din teritoriu s\u0103 scoat\u0103 &#8222;nelegal&#8221; oamenii la vot,<\/p>\n","protected":false},"excerpt":{"rendered":"<p>Liviu Dragnea a\u015fteapt\u0103 vineri, 22 aprilie, sentin\u0163a final\u0103 \u00een Dosarul Referendumului din 2012. Pre\u015fedintele Partidului Social Democrat risc\u0103 o pedeaps\u0103 cu \u00eenchisoare cuprins\u0103 \u00eentre<\/p>\n","protected":false},"author":2,"featured_media":0,"comment_status":"open","ping_status":"open","sticky":false,"template":"","format":"standard","meta":{"footnotes":""},"categories":[8],"tags":[],"class_list":["post-29084","post","type-post","status-publish","format-standard","hentry","category-alert-news"],"_links":{"self":[{"href":"https:\/\/www.giurgiuveanul.ro\/stiri\/wp-json\/wp\/v2\/posts\/29084","targetHints":{"allow":["GET"]}}],"collection":[{"href":"https:\/\/www.giurgiuveanul.ro\/stiri\/wp-json\/wp\/v2\/posts"}],"about":[{"href":"https:\/\/www.giurgiuveanul.ro\/stiri\/wp-json\/wp\/v2\/types\/post"}],"author":[{"embeddable":true,"href":"https:\/\/www.giurgiuveanul.ro\/stiri\/wp-json\/wp\/v2\/users\/2"}],"replies":[{"embeddable":true,"href":"https:\/\/www.giurgiuveanul.ro\/stiri\/wp-json\/wp\/v2\/comments?post=29084"}],"version-history":[{"count":0,"href":"https:\/\/www.giurgiuveanul.ro\/stiri\/wp-json\/wp\/v2\/posts\/29084\/revisions"}],"wp:attachment":[{"href":"https:\/\/www.giurgiuveanul.ro\/stiri\/wp-json\/wp\/v2\/media?parent=29084"}],"wp:term":[{"taxonomy":"category","embeddable":true,"href":"https:\/\/www.giurgiuveanul.ro\/stiri\/wp-json\/wp\/v2\/categories?post=29084"},{"taxonomy":"post_tag","embeddable":true,"href":"https:\/\/www.giurgiuveanul.ro\/stiri\/wp-json\/wp\/v2\/tags?post=29084"}],"curies":[{"name":"wp","href":"https:\/\/api.w.org\/{rel}","templated":true}]}}