{"id":29107,"date":"2016-04-22T17:22:13","date_gmt":"2016-04-22T14:22:13","guid":{"rendered":"https:\/\/www.giurgiuveanul.ro\/stiri\/?p=29107"},"modified":"2016-04-22T17:23:44","modified_gmt":"2016-04-22T14:23:44","slug":"scandal-in-toata-regula-in-consiliul-local-modificarea-impozitului-pe-cladirile-nerezidentiale-amanata","status":"publish","type":"post","link":"https:\/\/www.giurgiuveanul.ro\/stiri\/scandal-in-toata-regula-in-consiliul-local-modificarea-impozitului-pe-cladirile-nerezidentiale-amanata\/","title":{"rendered":"Scandal \u00een toat\u0103 regula \u00een Consiliul Local! Modificarea impozitului pe cl\u0103dirile nereziden\u0163iale, am\u00e2nat\u0103!"},"content":{"rendered":"<p style=\"text-align: justify;\"><strong><a href=\"https:\/\/www.giurgiuveanul.ro\/stiri\/wp-content\/uploads\/2016\/03\/consiliul-local-giurgiu.jpg\"><img loading=\"lazy\" decoding=\"async\" class=\"aligncenter size-large wp-image-28007\" src=\"https:\/\/www.giurgiuveanul.ro\/stiri\/wp-content\/uploads\/2016\/03\/consiliul-local-giurgiu-560x268.jpg\" alt=\"consiliul-local-giurgiu\" width=\"560\" height=\"268\" srcset=\"https:\/\/www.giurgiuveanul.ro\/stiri\/wp-content\/uploads\/2016\/03\/consiliul-local-giurgiu-560x268.jpg 560w, https:\/\/www.giurgiuveanul.ro\/stiri\/wp-content\/uploads\/2016\/03\/consiliul-local-giurgiu-250x120.jpg 250w, https:\/\/www.giurgiuveanul.ro\/stiri\/wp-content\/uploads\/2016\/03\/consiliul-local-giurgiu-400x191.jpg 400w, https:\/\/www.giurgiuveanul.ro\/stiri\/wp-content\/uploads\/2016\/03\/consiliul-local-giurgiu.jpg 940w\" sizes=\"auto, (max-width: 560px) 100vw, 560px\" \/><\/a>Proiectul privind modificarea impozitelor pe cl\u0103dirile nereziden\u0163iale, pentru persoanele fizice din Giurgiu, ini\u0163iat de<!--more--> un grup de \u015fapte consilieri municipali, a iscat discu\u0163ii aprinse \u00een Consiliul Local Giurgiu. Pe de o parte, ini\u0163iatorii au sus\u0163inut c\u0103 se impune reducerea acestor impozite deoarece giurgiuvenii care de\u0163in astfel de imobile sunt nevoi\u0163i s\u0103 pl\u0103teasc\u0103 sume \u015fi de 50 de ori mai mari. De cealalt\u0103 parte, executivul Prim\u0103riei Giurgiu a afirmat contrariul, \u00een sensul c\u0103 nu se pot modifica aceste impozite \u201e\u00een timpul jocului\u201d, mai exact c\u0103 nu pot fi operate acum reduceri de impozite pentru c\u0103 se \u00eencalc\u0103 prevederi ale Codului fiscal.<\/strong><\/p>\n<p style=\"text-align: justify;\">Discu\u0163iile \u00een contradictoriu au dus la reac\u0163ii de neacceptat din partea unor ale\u015fi locali, ace\u015ftia cert\u00e2ndu-se efectiv \u00een sala de \u015fedin\u0163e mai ceva ca la u\u015fa cortului.<\/p>\n<p style=\"text-align: justify;\">Consilierul Mirela Ciulacu a \u00eencercat s\u0103 conving\u0103 plenul c\u0103 s-ar impune reducerea impozitului pentru cl\u0103dirile nereziden\u021biale de\u0163inute de persoanele fizice \u00eentruc\u00e2t sunt giurgiuveni care i s-au pl\u00e2ns de faptul c\u0103 \u00a0pl\u0103tesc impozite de 50 de ori mai mari. La r\u00e2ndul s\u0103u, consilierul Florian Velicu a explicat oportunitatea ini\u0163ierii acestui proiect prin prisma faptului c\u0103, \u00een noiembrie 2015, c\u00e2nd s-au adoptat impozitele pe 2016, executivul le-a explicat c\u0103 majorarea impozitelor pentru cl\u0103dirile nereziden\u0163iale va fi de doar 17%, \u00eens\u0103, \u00een realitate, aceasta ar fi de 1.200%.<\/p>\n<p style=\"text-align: justify;\">\u201eEste o cre\u015ftere enorm\u0103, pe care oamenii afla\u0163i \u00een aceast\u0103 situa\u0163ie nu o pot suporta. Pentru aplicarea acestui impozit, este nevoie \u015fi de o evaluare a ANVAR, care se face o dat\u0103 la trei ani, iar dac\u0103 oamenii nu au f\u0103cut aceast\u0103 evaluare, sunt obliga\u0163i s\u0103 pl\u0103teasc\u0103 o cot\u0103 de impozitare de 2%, ceea ce este enorm\u201d, a spus Velicu.<\/p>\n<p style=\"text-align: justify;\">Marius Stanciu, de la UNPR, a mers mai departe, acuz\u00e2nd executivul c\u0103 dore\u015fte s\u0103 pun\u0103 c\u00e2t mai multe biruri pentru cet\u0103\u0163enii municipiului.<\/p>\n<p style=\"text-align: justify;\">\u201eNoi, cei care am fost nominaliza\u0163i \u00een \u201elista ru\u015finii\u201d de c\u0103tre primarul Barbu, vrem diminuarea acestor impozite, ca o m\u0103sur\u0103 reparatorie pentru cet\u0103\u0163eni\u201d, a declarat, \u00een plen, Marius Stanciu.<\/p>\n<p style=\"text-align: justify;\">Opinia sa a fost sus\u0163inut\u0103 \u015fi de consilierul Florian Velicu, care l-a acuzat pe primar de faptul c\u0103 i-ar fi min\u0163it \u00een momentul \u00een care au votat impozitele pe 2016, cum c\u0103 va fi o majorare foarte mic\u0103.<\/p>\n<p style=\"text-align: justify;\">Mai mult, acesta a acuzat executivul c\u0103 a \u00eencercat s\u0103 \u00eempiedice includerea acestui proiect pe ordinea de zi, de\u015fi propunerea de modificare a impozitelor pe cl\u0103dirile nereziden\u0163iale a fost depus\u0103 pe 22 februarie 2016.<\/p>\n<p style=\"text-align: justify;\">\u00cen cele din urm\u0103, secretarul municipiului, Petre Ro\u015fu, a precizat c\u0103 nu va contrasemna acest proiect, sus\u0163in\u00e2nd c\u0103 se \u00eencalc\u0103 prevederi ale Codului fiscal \u015fi c\u0103, \u00een plus, Curtea de Conturi le-ar putea imputa sumele care nu se mai \u00eencaseaz\u0103 prin \u00eenc\u0103lcarea acestor prevederi.<\/p>\n<p style=\"text-align: justify;\">Astfel c\u0103, \u00een cele din urm\u0103, la propunerea consilierului Marius Stanciu, majoritatea consilierilor a votat pentru am\u00e2narea proiectului p\u00e2n\u0103 la o dat\u0103 ulterioar\u0103.<\/p>\n<p style=\"text-align: justify;\"><em>\u00a0Marcela Petcu<\/em><\/p>\n","protected":false},"excerpt":{"rendered":"<p>Proiectul privind modificarea impozitelor pe cl\u0103dirile nereziden\u0163iale, pentru persoanele fizice din Giurgiu, ini\u0163iat de<\/p>\n","protected":false},"author":2,"featured_media":0,"comment_status":"open","ping_status":"open","sticky":false,"template":"","format":"standard","meta":{"footnotes":""},"categories":[8],"tags":[],"class_list":["post-29107","post","type-post","status-publish","format-standard","hentry","category-alert-news"],"_links":{"self":[{"href":"https:\/\/www.giurgiuveanul.ro\/stiri\/wp-json\/wp\/v2\/posts\/29107","targetHints":{"allow":["GET"]}}],"collection":[{"href":"https:\/\/www.giurgiuveanul.ro\/stiri\/wp-json\/wp\/v2\/posts"}],"about":[{"href":"https:\/\/www.giurgiuveanul.ro\/stiri\/wp-json\/wp\/v2\/types\/post"}],"author":[{"embeddable":true,"href":"https:\/\/www.giurgiuveanul.ro\/stiri\/wp-json\/wp\/v2\/users\/2"}],"replies":[{"embeddable":true,"href":"https:\/\/www.giurgiuveanul.ro\/stiri\/wp-json\/wp\/v2\/comments?post=29107"}],"version-history":[{"count":0,"href":"https:\/\/www.giurgiuveanul.ro\/stiri\/wp-json\/wp\/v2\/posts\/29107\/revisions"}],"wp:attachment":[{"href":"https:\/\/www.giurgiuveanul.ro\/stiri\/wp-json\/wp\/v2\/media?parent=29107"}],"wp:term":[{"taxonomy":"category","embeddable":true,"href":"https:\/\/www.giurgiuveanul.ro\/stiri\/wp-json\/wp\/v2\/categories?post=29107"},{"taxonomy":"post_tag","embeddable":true,"href":"https:\/\/www.giurgiuveanul.ro\/stiri\/wp-json\/wp\/v2\/tags?post=29107"}],"curies":[{"name":"wp","href":"https:\/\/api.w.org\/{rel}","templated":true}]}}