{"id":29128,"date":"2016-04-23T10:45:10","date_gmt":"2016-04-23T07:45:10","guid":{"rendered":"https:\/\/www.giurgiuveanul.ro\/stiri\/?p=29128"},"modified":"2016-04-23T10:45:10","modified_gmt":"2016-04-23T07:45:10","slug":"la-multi-ani-de-sfantul-gheorghe-la-multi-ani-giurgiu-la-multi-ani-giurgiuveni","status":"publish","type":"post","link":"https:\/\/www.giurgiuveanul.ro\/stiri\/la-multi-ani-de-sfantul-gheorghe-la-multi-ani-giurgiu-la-multi-ani-giurgiuveni\/","title":{"rendered":"La Mul\u0163i Ani de Sf\u00e2ntul Gheorghe! La Mul\u0163i Ani, Giurgiu! La Mul\u0163i Ani, giurgiuveni!"},"content":{"rendered":"<p style=\"text-align: justify;\"><a href=\"https:\/\/www.giurgiuveanul.ro\/stiri\/wp-content\/uploads\/2016\/04\/13041357_467001770166527_8720710371439320629_o.jpg\"><img loading=\"lazy\" decoding=\"async\" class=\"aligncenter size-large wp-image-29129\" src=\"https:\/\/www.giurgiuveanul.ro\/stiri\/wp-content\/uploads\/2016\/04\/13041357_467001770166527_8720710371439320629_o-560x373.jpg\" alt=\"13041357_467001770166527_8720710371439320629_o\" width=\"560\" height=\"373\" srcset=\"https:\/\/www.giurgiuveanul.ro\/stiri\/wp-content\/uploads\/2016\/04\/13041357_467001770166527_8720710371439320629_o-560x373.jpg 560w, https:\/\/www.giurgiuveanul.ro\/stiri\/wp-content\/uploads\/2016\/04\/13041357_467001770166527_8720710371439320629_o-250x167.jpg 250w, https:\/\/www.giurgiuveanul.ro\/stiri\/wp-content\/uploads\/2016\/04\/13041357_467001770166527_8720710371439320629_o-400x267.jpg 400w, https:\/\/www.giurgiuveanul.ro\/stiri\/wp-content\/uploads\/2016\/04\/13041357_467001770166527_8720710371439320629_o.jpg 2048w\" sizes=\"auto, (max-width: 560px) 100vw, 560px\" \/><\/a>Sf\u00e2ntul Mare Mucenic Gheorghe, \u201epurt\u0103torul de biruin\u021b\u0103\u201d, pr\u0103znuit \u00een fiecare an la 23 aprilie, este unul dintre cei mai cunoscu\u021bi \u0219i venera\u021bi ap\u0103r\u0103tori ai cre\u0219tinismului. Ast\u0103zi este \u015fi ziua<!--more--> patronului spiritual al ora\u015fului Giurgiu.<\/p>\n<p style=\"text-align: justify;\">Fie ca toate \u00eemplinirile, s\u0103n\u0103tatea \u015fi spiritul acestei zile s\u0103 v\u0103 \u00eenso\u0163easc\u0103 pretutindeni, dragi giurgiuveni.<\/p>\n<p style=\"text-align: justify;\">Cu ocazia s\u0103rb\u0103torii Sf\u00e2ntului Mare Mucenic Gheorghe ur\u0103m tuturor giurgiuvenilor care poart\u0103 numele sf\u00e2nt, cele mai sincere ur\u0103ri de bun\u0103stare, fericire \u015fi succes! La Mul\u0163i Ani!<\/p>\n","protected":false},"excerpt":{"rendered":"<p>Sf\u00e2ntul Mare Mucenic Gheorghe, \u201epurt\u0103torul de biruin\u021b\u0103\u201d, pr\u0103znuit \u00een fiecare an la 23 aprilie, este unul dintre cei mai cunoscu\u021bi \u0219i venera\u021bi ap\u0103r\u0103tori ai cre\u0219tinismului. Ast\u0103zi este \u015fi ziua<\/p>\n","protected":false},"author":2,"featured_media":0,"comment_status":"open","ping_status":"open","sticky":false,"template":"","format":"standard","meta":{"footnotes":""},"categories":[16],"tags":[],"class_list":["post-29128","post","type-post","status-publish","format-standard","hentry","category-astazi-e-ziua-ta"],"_links":{"self":[{"href":"https:\/\/www.giurgiuveanul.ro\/stiri\/wp-json\/wp\/v2\/posts\/29128","targetHints":{"allow":["GET"]}}],"collection":[{"href":"https:\/\/www.giurgiuveanul.ro\/stiri\/wp-json\/wp\/v2\/posts"}],"about":[{"href":"https:\/\/www.giurgiuveanul.ro\/stiri\/wp-json\/wp\/v2\/types\/post"}],"author":[{"embeddable":true,"href":"https:\/\/www.giurgiuveanul.ro\/stiri\/wp-json\/wp\/v2\/users\/2"}],"replies":[{"embeddable":true,"href":"https:\/\/www.giurgiuveanul.ro\/stiri\/wp-json\/wp\/v2\/comments?post=29128"}],"version-history":[{"count":0,"href":"https:\/\/www.giurgiuveanul.ro\/stiri\/wp-json\/wp\/v2\/posts\/29128\/revisions"}],"wp:attachment":[{"href":"https:\/\/www.giurgiuveanul.ro\/stiri\/wp-json\/wp\/v2\/media?parent=29128"}],"wp:term":[{"taxonomy":"category","embeddable":true,"href":"https:\/\/www.giurgiuveanul.ro\/stiri\/wp-json\/wp\/v2\/categories?post=29128"},{"taxonomy":"post_tag","embeddable":true,"href":"https:\/\/www.giurgiuveanul.ro\/stiri\/wp-json\/wp\/v2\/tags?post=29128"}],"curies":[{"name":"wp","href":"https:\/\/api.w.org\/{rel}","templated":true}]}}