{"id":29142,"date":"2016-04-24T12:38:45","date_gmt":"2016-04-24T09:38:45","guid":{"rendered":"https:\/\/www.giurgiuveanul.ro\/stiri\/?p=29142"},"modified":"2016-04-24T12:39:32","modified_gmt":"2016-04-24T09:39:32","slug":"la-multi-ani-floricel-si-viorica-nicolae","status":"publish","type":"post","link":"https:\/\/www.giurgiuveanul.ro\/stiri\/la-multi-ani-floricel-si-viorica-nicolae\/","title":{"rendered":"La Mul\u0163i Ani&#8230; Floricel \u015fi Viorica Nicolae!"},"content":{"rendered":"<p style=\"text-align: justify;\"><a href=\"https:\/\/www.giurgiuveanul.ro\/stiri\/wp-content\/uploads\/2016\/04\/c015e4c7238f3c414cd364816c6e89be.jpg\"><img loading=\"lazy\" decoding=\"async\" class=\"aligncenter size-large wp-image-29143\" src=\"https:\/\/www.giurgiuveanul.ro\/stiri\/wp-content\/uploads\/2016\/04\/c015e4c7238f3c414cd364816c6e89be-416x450.jpg\" alt=\"c015e4c7238f3c414cd364816c6e89be\" width=\"416\" height=\"450\" srcset=\"https:\/\/www.giurgiuveanul.ro\/stiri\/wp-content\/uploads\/2016\/04\/c015e4c7238f3c414cd364816c6e89be-416x450.jpg 416w, https:\/\/www.giurgiuveanul.ro\/stiri\/wp-content\/uploads\/2016\/04\/c015e4c7238f3c414cd364816c6e89be-250x271.jpg 250w, https:\/\/www.giurgiuveanul.ro\/stiri\/wp-content\/uploads\/2016\/04\/c015e4c7238f3c414cd364816c6e89be-400x433.jpg 400w, https:\/\/www.giurgiuveanul.ro\/stiri\/wp-content\/uploads\/2016\/04\/c015e4c7238f3c414cd364816c6e89be.jpg 896w\" sizes=\"auto, (max-width: 416px) 100vw, 416px\" \/><\/a>Este dubl\u0103 s\u0103rb\u0103toare <!--more-->\u00een familia deputatului Florian Nicolae.<\/p>\n<p style=\"text-align: justify;\">Candidatul la Prim\u0103ria Giurgiu \u015fi so\u0163ia sa, Viorica Venorica, \u00ee\u015fi aniverseaz\u0103, ast\u0103zi, ziua numelor, cu prilejul s\u0103rb\u0103torii Floriilor. \u015ei pentru c\u0103 aceast\u0103 zi este dedicat\u0103 celui mai frumos lucru din lume, florile, minuni ale naturii, le ur\u0103m s\u0103 fie binecuv\u00e2nta\u0163i, Dumnezeu s\u0103 le ocroteasc\u0103 familia \u015fi s\u0103-\u015fi vad\u0103 \u00eemplinite toate visurile.<\/p>\n<p style=\"text-align: justify;\">Celor mai frumoase flori, Floricel \u015fi Viorica, le adres\u0103m din suflet sincere ur\u0103ri \u015fi un an plin de bucurii \u015fi realiz\u0103ri. La Mul\u021bi Ani \u00eenfloritori!<\/p>\n","protected":false},"excerpt":{"rendered":"<p>Este dubl\u0103 s\u0103rb\u0103toare<\/p>\n","protected":false},"author":2,"featured_media":0,"comment_status":"open","ping_status":"open","sticky":false,"template":"","format":"standard","meta":{"footnotes":""},"categories":[16],"tags":[],"class_list":["post-29142","post","type-post","status-publish","format-standard","hentry","category-astazi-e-ziua-ta"],"_links":{"self":[{"href":"https:\/\/www.giurgiuveanul.ro\/stiri\/wp-json\/wp\/v2\/posts\/29142","targetHints":{"allow":["GET"]}}],"collection":[{"href":"https:\/\/www.giurgiuveanul.ro\/stiri\/wp-json\/wp\/v2\/posts"}],"about":[{"href":"https:\/\/www.giurgiuveanul.ro\/stiri\/wp-json\/wp\/v2\/types\/post"}],"author":[{"embeddable":true,"href":"https:\/\/www.giurgiuveanul.ro\/stiri\/wp-json\/wp\/v2\/users\/2"}],"replies":[{"embeddable":true,"href":"https:\/\/www.giurgiuveanul.ro\/stiri\/wp-json\/wp\/v2\/comments?post=29142"}],"version-history":[{"count":0,"href":"https:\/\/www.giurgiuveanul.ro\/stiri\/wp-json\/wp\/v2\/posts\/29142\/revisions"}],"wp:attachment":[{"href":"https:\/\/www.giurgiuveanul.ro\/stiri\/wp-json\/wp\/v2\/media?parent=29142"}],"wp:term":[{"taxonomy":"category","embeddable":true,"href":"https:\/\/www.giurgiuveanul.ro\/stiri\/wp-json\/wp\/v2\/categories?post=29142"},{"taxonomy":"post_tag","embeddable":true,"href":"https:\/\/www.giurgiuveanul.ro\/stiri\/wp-json\/wp\/v2\/tags?post=29142"}],"curies":[{"name":"wp","href":"https:\/\/api.w.org\/{rel}","templated":true}]}}