{"id":29172,"date":"2016-04-25T09:45:26","date_gmt":"2016-04-25T06:45:26","guid":{"rendered":"https:\/\/www.giurgiuveanul.ro\/stiri\/?p=29172"},"modified":"2016-04-25T09:45:26","modified_gmt":"2016-04-25T06:45:26","slug":"tir-rasturnat-pe-dn-5-circulatia-se-desfasoara-pe-singura-banda","status":"publish","type":"post","link":"https:\/\/www.giurgiuveanul.ro\/stiri\/tir-rasturnat-pe-dn-5-circulatia-se-desfasoara-pe-singura-banda\/","title":{"rendered":"TIR r\u0103sturnat pe DN 5. Circula\u0163ia se desf\u0103\u015foar\u0103 pe o singur\u0103 band\u0103"},"content":{"rendered":"<p style=\"text-align: justify;\"><a href=\"https:\/\/www.giurgiuveanul.ro\/stiri\/wp-content\/uploads\/2016\/04\/13062053_1194986383854208_5382949255012098214_n.jpg\"><img loading=\"lazy\" decoding=\"async\" class=\"aligncenter size-large wp-image-29173\" src=\"https:\/\/www.giurgiuveanul.ro\/stiri\/wp-content\/uploads\/2016\/04\/13062053_1194986383854208_5382949255012098214_n-527x450.jpg\" alt=\"13062053_1194986383854208_5382949255012098214_n\" width=\"527\" height=\"450\" srcset=\"https:\/\/www.giurgiuveanul.ro\/stiri\/wp-content\/uploads\/2016\/04\/13062053_1194986383854208_5382949255012098214_n-527x450.jpg 527w, https:\/\/www.giurgiuveanul.ro\/stiri\/wp-content\/uploads\/2016\/04\/13062053_1194986383854208_5382949255012098214_n-250x214.jpg 250w, https:\/\/www.giurgiuveanul.ro\/stiri\/wp-content\/uploads\/2016\/04\/13062053_1194986383854208_5382949255012098214_n-400x342.jpg 400w, https:\/\/www.giurgiuveanul.ro\/stiri\/wp-content\/uploads\/2016\/04\/13062053_1194986383854208_5382949255012098214_n.jpg 960w\" sizes=\"auto, (max-width: 527px) 100vw, 527px\" \/><\/a>Un TIR care circula \u00een direc\u0163ia Giurgiu, condus de <!--more-->un \u0219ofer turc, de 50 de ani, s-a r\u0103sturnat pe partea carosabil\u0103, pe DN 5 Bucure\u015fti-Giurgiu, \u00een apropiere de sensul giratoriu de la C\u0103lug\u0103reni. Accidentul rutier a avut loc ast\u0103zi, la 4.58, din cauz\u0103 c\u0103 \u015foferul turc nu a adaptat viteza la condi\u0163iile de drum, carosabilul fiind umed.<\/p>\n<p style=\"text-align: justify;\"><a href=\"https:\/\/www.giurgiuveanul.ro\/stiri\/wp-content\/uploads\/2016\/04\/13094385_1194986397187540_2954042700165277401_n.jpg\"><img loading=\"lazy\" decoding=\"async\" class=\"aligncenter size-large wp-image-29174\" src=\"https:\/\/www.giurgiuveanul.ro\/stiri\/wp-content\/uploads\/2016\/04\/13094385_1194986397187540_2954042700165277401_n-560x411.jpg\" alt=\"13094385_1194986397187540_2954042700165277401_n\" width=\"560\" height=\"411\" srcset=\"https:\/\/www.giurgiuveanul.ro\/stiri\/wp-content\/uploads\/2016\/04\/13094385_1194986397187540_2954042700165277401_n-560x411.jpg 560w, https:\/\/www.giurgiuveanul.ro\/stiri\/wp-content\/uploads\/2016\/04\/13094385_1194986397187540_2954042700165277401_n-250x184.jpg 250w, https:\/\/www.giurgiuveanul.ro\/stiri\/wp-content\/uploads\/2016\/04\/13094385_1194986397187540_2954042700165277401_n-400x294.jpg 400w, https:\/\/www.giurgiuveanul.ro\/stiri\/wp-content\/uploads\/2016\/04\/13094385_1194986397187540_2954042700165277401_n.jpg 960w\" sizes=\"auto, (max-width: 560px) 100vw, 560px\" \/><\/a><\/p>\n<p style=\"text-align: justify;\">Din fericire, \u015foferul a sc\u0103pat nev\u0103t\u0103mat, \u00eens\u0103 circula\u0163ia rutier\u0103 se desf\u0103\u015foar\u0103 doar pe o singur\u0103 band\u0103, pe sensul de deplasare c\u0103tre Giurgiu. Mastodontul urmeaz\u0103 s\u0103 fie ridicat de pe carosabil cu o macara.<\/p>\n<p style=\"text-align: justify;\">\u015eoferul TIR-ului a fost sanc\u0163ionat de poli\u0163i\u015fti cu suma de 630 lei, pentru c\u0103 nu a adaptat viteza la condi\u0163iile de drum.<\/p>\n","protected":false},"excerpt":{"rendered":"<p>Un TIR care circula \u00een direc\u0163ia Giurgiu, condus de<\/p>\n","protected":false},"author":2,"featured_media":0,"comment_status":"open","ping_status":"open","sticky":false,"template":"","format":"standard","meta":{"footnotes":""},"categories":[8],"tags":[],"class_list":["post-29172","post","type-post","status-publish","format-standard","hentry","category-alert-news"],"_links":{"self":[{"href":"https:\/\/www.giurgiuveanul.ro\/stiri\/wp-json\/wp\/v2\/posts\/29172","targetHints":{"allow":["GET"]}}],"collection":[{"href":"https:\/\/www.giurgiuveanul.ro\/stiri\/wp-json\/wp\/v2\/posts"}],"about":[{"href":"https:\/\/www.giurgiuveanul.ro\/stiri\/wp-json\/wp\/v2\/types\/post"}],"author":[{"embeddable":true,"href":"https:\/\/www.giurgiuveanul.ro\/stiri\/wp-json\/wp\/v2\/users\/2"}],"replies":[{"embeddable":true,"href":"https:\/\/www.giurgiuveanul.ro\/stiri\/wp-json\/wp\/v2\/comments?post=29172"}],"version-history":[{"count":0,"href":"https:\/\/www.giurgiuveanul.ro\/stiri\/wp-json\/wp\/v2\/posts\/29172\/revisions"}],"wp:attachment":[{"href":"https:\/\/www.giurgiuveanul.ro\/stiri\/wp-json\/wp\/v2\/media?parent=29172"}],"wp:term":[{"taxonomy":"category","embeddable":true,"href":"https:\/\/www.giurgiuveanul.ro\/stiri\/wp-json\/wp\/v2\/categories?post=29172"},{"taxonomy":"post_tag","embeddable":true,"href":"https:\/\/www.giurgiuveanul.ro\/stiri\/wp-json\/wp\/v2\/tags?post=29172"}],"curies":[{"name":"wp","href":"https:\/\/api.w.org\/{rel}","templated":true}]}}