{"id":29225,"date":"2016-04-26T18:30:48","date_gmt":"2016-04-26T15:30:48","guid":{"rendered":"https:\/\/www.giurgiuveanul.ro\/stiri\/?p=29225"},"modified":"2016-04-26T19:04:56","modified_gmt":"2016-04-26T16:04:56","slug":"pnl-depus-lista-de-candidaturi-pentru-consiliul-judetean-giurgiu-iata-echipa-lui-dumitru-beianu","status":"publish","type":"post","link":"https:\/\/www.giurgiuveanul.ro\/stiri\/pnl-depus-lista-de-candidaturi-pentru-consiliul-judetean-giurgiu-iata-echipa-lui-dumitru-beianu\/","title":{"rendered":"PNL a depus lista de candidaturi pentru Consiliul Jude\u0163ean Giurgiu. Iat\u0103 echipa lui Dumitru Beianu"},"content":{"rendered":"<p style=\"text-align: justify;\"><strong><a href=\"https:\/\/www.giurgiuveanul.ro\/stiri\/wp-content\/uploads\/2016\/04\/13087460_1195895190429994_6029173345715280024_n-1.jpg\"><img loading=\"lazy\" decoding=\"async\" class=\"aligncenter size-large wp-image-29226\" src=\"https:\/\/www.giurgiuveanul.ro\/stiri\/wp-content\/uploads\/2016\/04\/13087460_1195895190429994_6029173345715280024_n-1-560x439.jpg\" alt=\"13087460_1195895190429994_6029173345715280024_n (1)\" width=\"560\" height=\"439\" srcset=\"https:\/\/www.giurgiuveanul.ro\/stiri\/wp-content\/uploads\/2016\/04\/13087460_1195895190429994_6029173345715280024_n-1-560x439.jpg 560w, https:\/\/www.giurgiuveanul.ro\/stiri\/wp-content\/uploads\/2016\/04\/13087460_1195895190429994_6029173345715280024_n-1-250x196.jpg 250w, https:\/\/www.giurgiuveanul.ro\/stiri\/wp-content\/uploads\/2016\/04\/13087460_1195895190429994_6029173345715280024_n-1-400x314.jpg 400w, https:\/\/www.giurgiuveanul.ro\/stiri\/wp-content\/uploads\/2016\/04\/13087460_1195895190429994_6029173345715280024_n-1.jpg 960w\" sizes=\"auto, (max-width: 560px) 100vw, 560px\" \/><\/a>PNL Giurgiu a depus, ast\u0103zi, la Biroul Electoral Jude\u0163ean, lista de candida\u021bi pentru Consiliul Jude\u0163ean Giurgiu. La <!--more-->eveniment au participat copre\u0219edintele organiza\u0163iei jude\u0163ene a PNL \u015fi candidatul partidului la func\u0163ia de pre\u015fedinte al Consiliului Jude\u0163ean Giurgiu, Dumitru Beianu, copre\u015fedintele Gheorghe \u015etefan, deputatul Marin Anton, vicepre\u015fedintele Consiliului Jude\u0163ean, Dumitru Gavril\u0103, dar \u015fi o parte dintre cei care vor candida pentru CJ Giurgiu<\/strong>.<\/p>\n<p style=\"text-align: justify;\">Dumitru Beianu, candidatul partidului la func\u0163ia de pre\u015fedinte al Consiliului Jude\u0163ean Giurgiu, a declarat c\u0103 echipa sa cunoa\u015fte problemele jude\u0163ului \u015fi, \u00een consecin\u0163\u0103, vine cu solu\u0163ii viabile \u015fi chiar spectaculoase pentru rezolvarea acestora, el \u00eensu\u015fi av\u00e2nd o vast\u0103 experien\u0163\u0103 \u00een privin\u0163a administr\u0103rii jude\u0163ului Giurgiu.<\/p>\n<p style=\"text-align: justify;\"><em>\u201e\u00cen 2012, am fost personajul principal al unei \u00eent\u00e2mpl\u0103ri foarte frumoase, am avut sus\u0163inerea a peste 30.000 de giurgiuveni, dar mai ales a 19.000 de giurgiuveni din ora\u015f, pentru campania mea de candidat independent la func\u0163ia de pre\u015fedinte al Consiliului Jude\u0163ean Giurgiu. Acum, revin dup\u0103 patru ani, \u00een care am \u00eenv\u0103\u0163at multe \u015fi am beneficiat de sprijinul multor colegi, al\u0103turi de echipa PNL, o echip\u0103 frumoas\u0103 \u015fi performant\u0103. Venim \u00een fa\u0163a dvs bine inten\u0163iona\u0163i. Iar eu, sunt acela\u015fi ca \u00een 2012. Am semnat, \u00een calitate de pre\u015fedinte al\u00a0 Consiliului Jude\u0163ean, contracte \u00een valoare de 100 milioane de euro, am terminat mandatul cu aceea\u015fi declara\u0163ie de avere cu care am \u00eenceput \u015fi nu am nicio inten\u0163ie s\u0103-mi schimb principiile. Vin aici ca s\u0103 g\u0103sesc solu\u0163ii pentru problemele comunit\u0103\u0163ii, \u015ftim problemele, at\u00e2t noi, c\u00e2t \u015fi colegii de la municipiu. \u00cei rog pe giurgiuveni s\u0103 ne cread\u0103 atunci c\u00e2nd spunem c\u0103 suntem bine inten\u0163iona\u0163i. \u00a0\u00cen ceea ce m\u0103 prive\u015fte, nu am niciun dosar penal, sunt acela\u015fi care a muncit \u015fi va munci pentru comunitate\u201d<\/em>, a declarat candidatul PNL la pre\u015fedin\u0163ia Consiliului Jude\u0163ean, Dumitru Beianu.<\/p>\n<p style=\"text-align: justify;\"><em>\u201eEste cea mai bun\u0103 echip\u0103 pe care un partid politic o ofer\u0103 giurgiuvenilor, \u00eencep\u00e2nd de la domnul Beianu, pe care \u00eel sus\u0163inem pentru o nou\u0103 func\u0163ie de pre\u015fedinte al Consiliului Jude\u0163ean Giurgiu. Sunt bucuros c\u0103, dup\u0103 o serie de negocieri, am reu\u015fit s\u0103 venim \u00een fa\u0163a dvs cu candida\u0163i care s\u0103 respecte toate criteriile de integritate\u201d<\/em>, a spus \u015fi Gheorghe \u015etefan, copre\u015fedintele organiza\u0163iei jude\u0163ene a PNL Giurgiu.<\/p>\n<p style=\"text-align: justify;\"><em>\u201e\u00cen 2008, c\u00e2nd domnul Beianu era pre\u015fedinte al CJ Giurgiu, iar eu, vicepre\u015fedinte, am \u00eenceput trei proiecte de infrstructur\u0103 rutier\u0103, care au continuat \u015fi \u00een acest mandat, dar au r\u0103mas nefinalizate. Consider c\u0103 dup\u0103 data de 5 iunie, c\u00e2nd domnul Beianu va reveni \u00een Consiliul Jude\u0163ean, vom finaliza aceste proiecte de infrastructur\u0103, sunt trei proiecte pe fonduri europene deosebit de importante, \u015fi m\u0103 refer aici la modernizarea DJ 411, DJ 603, DJ 504. Vede\u0163i dvs, f\u0103r\u0103 infrastructur\u0103 rutier\u0103, nici investitorii nu vin \u00een jude\u0163ul Giurgiu. Cu opt ani \u00een urm\u0103, drumurile jude\u0163ului erau asfaltate \u00een propor\u0163ie de 25%, acum sunt \u00een propor\u0163ie de 90% iar acest lucru i se datoreaz\u0103 domnului Beianu<\/em>\u201d, a declarat Dumitru Gavril\u0103, vicepre\u015fedintele CJ Giurgiu.<\/p>\n<p style=\"text-align: justify;\">Acesta a ad\u0103ugat c\u0103 pe lista de consilieri jude\u0163eni a PNL Giurgiu se reg\u0103sesc persoane cu experien\u0163\u0103 \u00een administra\u0163ie \u015fi care au mai ocupat astfel de func\u0163ii.<\/p>\n<p style=\"text-align: justify;\">La r\u00e2ndul s\u0103u, deputatul Marin Anton \u015fi-a exprimat speran\u0163a c\u0103 giurgiuvenii vor vota \u015ftiind c\u0103 liberalii sunt responsabili de toate lucrurile bune din acest jude\u0163 \u015fi \u00een perspectiva \u00een care viitoarea guvernare va fi de dreapta.<\/p>\n<p style=\"text-align: justify;\">Iat\u0103 lista candida\u0163ilor la Consiliul Jude\u0163ean Giurgiu:<\/p>\n<ol style=\"text-align: justify;\">\n<li><span style=\"color: #000000;\">BEIANU DUMITRU<\/span><\/li>\n<li><span style=\"color: #000000;\">\u015eTEFAN GHEORGHE<\/span><\/li>\n<li><span style=\"color: #000000;\">ANTON MARIN<\/span><\/li>\n<li><span style=\"color: #000000;\">MIHU\u0162 GEORGETA<\/span><\/li>\n<li><span style=\"color: #000000;\">NEAGU CRISTIANA DANIELA<\/span><\/li>\n<li><span style=\"color: #000000;\">RADU MARIUS IONUT<\/span><\/li>\n<li><span style=\"color: #000000;\">GAVRIL\u0102 DUMITRU<\/span><\/li>\n<li><span style=\"color: #000000;\">BOERESCU MIHNEA MIHAI<\/span><\/li>\n<li><span style=\"color: #000000;\">MIHAI PETRE<\/span><\/li>\n<li><span style=\"color: #000000;\">VELICU FLORIAN<\/span><\/li>\n<li><span style=\"color: #000000;\">EPURE EMIL NICOLAE<\/span><\/li>\n<li><span style=\"color: #000000;\">UJENIUC DRAGO\u015e<\/span><\/li>\n<li><span style=\"color: #000000;\">MARCIU COSMIN CRISTIAN<\/span><\/li>\n<li><span style=\"color: #000000;\">IONEL IULIAN<\/span><\/li>\n<li><span style=\"color: #000000;\">P\u0102UN DUMITRU<\/span><\/li>\n<li><span style=\"color: #000000;\">MATEI IONU\u0162<\/span><\/li>\n<li><span style=\"color: #000000;\">IACOB MARIUS NICU\u015eOR<\/span><\/li>\n<li><span style=\"color: #000000;\">CHIRAN ADRIAN<\/span><\/li>\n<li><span style=\"color: #000000;\">PANAIT GHERGHINA<\/span><\/li>\n<li><span style=\"color: #000000;\">DADILOVEANU SORIN<\/span><\/li>\n<li><span style=\"color: #000000;\">NI\u0162ULESCU \u015eTEFAN CRISTIAN<\/span><\/li>\n<li><span style=\"color: #000000;\">NEM\u0162ESCU CRISTIAN CONSTANTIN<\/span><\/li>\n<li><span style=\"color: #000000;\">MECLEA ALINA<\/span><\/li>\n<li><span style=\"color: #000000;\">R\u0102CARU ION<\/span><\/li>\n<li><span style=\"color: #000000;\">DANCIU DANA ANDREEA<\/span><\/li>\n<li><span style=\"color: #000000;\">L\u0102CEANU MONICA<\/span><\/li>\n<li><span style=\"color: #000000;\">MOLDOVEANU LUCICA MIHAELA<\/span><\/li>\n<li><span style=\"color: #000000;\">IOSIF VIOREL<\/span><\/li>\n<li><span style=\"color: #000000;\">S\u00ceRBU ADELINA VERONICA<\/span><\/li>\n<li><span style=\"color: #000000;\">VLAD GHEORGHE<\/span><\/li>\n<li><span style=\"color: #000000;\">BO\u015eMAN STANCU CARMEN<\/span><\/li>\n<li><span style=\"color: #000000;\">DOBRIN NICOLAE<\/span><\/li>\n<li><span style=\"color: #000000;\">MOCANU MIRELA<\/span><\/li>\n<li><span style=\"color: #000000;\">BU\u015eCU GHEORGHE<\/span><\/li>\n<li><span style=\"color: #000000;\">BERBEC MARILENA DANIELA<\/span><\/li>\n<li><span style=\"color: #000000;\">PETRE BOGDAN CRINISOR<\/span><\/li>\n<li><span style=\"color: #000000;\">CIOBANU CRINELA ANDREEA<\/span><\/li>\n<li><span style=\"color: #000000;\">CRISTEA FERI EUGEN<\/span><\/li>\n<li><span style=\"color: #000000;\">MOCANU IONELA LOREDANA<\/span><\/li>\n<\/ol>\n","protected":false},"excerpt":{"rendered":"<p>PNL Giurgiu a depus, ast\u0103zi, la Biroul Electoral Jude\u0163ean, lista de candida\u021bi pentru Consiliul Jude\u0163ean Giurgiu. La<\/p>\n","protected":false},"author":2,"featured_media":0,"comment_status":"open","ping_status":"open","sticky":false,"template":"","format":"standard","meta":{"footnotes":""},"categories":[8],"tags":[],"class_list":["post-29225","post","type-post","status-publish","format-standard","hentry","category-alert-news"],"_links":{"self":[{"href":"https:\/\/www.giurgiuveanul.ro\/stiri\/wp-json\/wp\/v2\/posts\/29225","targetHints":{"allow":["GET"]}}],"collection":[{"href":"https:\/\/www.giurgiuveanul.ro\/stiri\/wp-json\/wp\/v2\/posts"}],"about":[{"href":"https:\/\/www.giurgiuveanul.ro\/stiri\/wp-json\/wp\/v2\/types\/post"}],"author":[{"embeddable":true,"href":"https:\/\/www.giurgiuveanul.ro\/stiri\/wp-json\/wp\/v2\/users\/2"}],"replies":[{"embeddable":true,"href":"https:\/\/www.giurgiuveanul.ro\/stiri\/wp-json\/wp\/v2\/comments?post=29225"}],"version-history":[{"count":0,"href":"https:\/\/www.giurgiuveanul.ro\/stiri\/wp-json\/wp\/v2\/posts\/29225\/revisions"}],"wp:attachment":[{"href":"https:\/\/www.giurgiuveanul.ro\/stiri\/wp-json\/wp\/v2\/media?parent=29225"}],"wp:term":[{"taxonomy":"category","embeddable":true,"href":"https:\/\/www.giurgiuveanul.ro\/stiri\/wp-json\/wp\/v2\/categories?post=29225"},{"taxonomy":"post_tag","embeddable":true,"href":"https:\/\/www.giurgiuveanul.ro\/stiri\/wp-json\/wp\/v2\/tags?post=29225"}],"curies":[{"name":"wp","href":"https:\/\/api.w.org\/{rel}","templated":true}]}}