{"id":29232,"date":"2016-04-27T11:58:15","date_gmt":"2016-04-27T08:58:15","guid":{"rendered":"https:\/\/www.giurgiuveanul.ro\/stiri\/?p=29232"},"modified":"2016-04-27T11:58:15","modified_gmt":"2016-04-27T08:58:15","slug":"autoutilitara-nissan-cautata-pentru-confiscare-de-autoritatile-italiene-descoperita-de-politistii-de-frontiera-giurgiuveni","status":"publish","type":"post","link":"https:\/\/www.giurgiuveanul.ro\/stiri\/autoutilitara-nissan-cautata-pentru-confiscare-de-autoritatile-italiene-descoperita-de-politistii-de-frontiera-giurgiuveni\/","title":{"rendered":"Autoutilitar\u0103 Nissan c\u0103utat\u0103 pentru confiscare de autorit\u0103\u0163ile italiene, descoperit\u0103 de poli\u0163i\u015ftii de frontier\u0103 giurgiuveni"},"content":{"rendered":"<p style=\"text-align: justify;\"><strong><a href=\"https:\/\/www.giurgiuveanul.ro\/stiri\/wp-content\/uploads\/2016\/04\/DSC05477.jpg\"><img loading=\"lazy\" decoding=\"async\" class=\"aligncenter size-large wp-image-29233\" src=\"https:\/\/www.giurgiuveanul.ro\/stiri\/wp-content\/uploads\/2016\/04\/DSC05477-560x327.jpg\" alt=\"DSC05477\" width=\"560\" height=\"327\" srcset=\"https:\/\/www.giurgiuveanul.ro\/stiri\/wp-content\/uploads\/2016\/04\/DSC05477-560x327.jpg 560w, https:\/\/www.giurgiuveanul.ro\/stiri\/wp-content\/uploads\/2016\/04\/DSC05477-250x146.jpg 250w, https:\/\/www.giurgiuveanul.ro\/stiri\/wp-content\/uploads\/2016\/04\/DSC05477-400x234.jpg 400w, https:\/\/www.giurgiuveanul.ro\/stiri\/wp-content\/uploads\/2016\/04\/DSC05477.jpg 800w\" sizes=\"auto, (max-width: 560px) 100vw, 560px\" \/><\/a>Poli\u0163i\u015ftii de frontier\u0103 din cadrul I.T.P.F. Giurgiu \u2013 P.T.F. Giurgiu au <!--more-->depistat o autoutilitar\u0103 marca Nissan c\u0103utat\u0103 pentru confiscare de autorit\u0103\u0163ile italiene.<\/strong><\/p>\n<p style=\"text-align: justify;\">\u00cen data de 26.04.2016, \u00een jurul orei 23.25<strong>,\u00a0 <\/strong>la Punctul de Trecere a Frontierei Giurgiu, s-a prezentat pentru a efectua formalit\u0103\u0163ile de frontier\u0103 cet\u0103\u0163eanul rom\u00e2n Constantin A., \u00een v\u00e2rst\u0103 de 32 ani, domiciliat pe raza jude\u0163ului V\u00e2lcea, la volanul unei autoutilitare marca Nissan.<\/p>\n<p style=\"text-align: justify;\">\u00cen urma verific\u0103rilor specifice, poli\u0163i\u015ftii de frontier\u0103 au constatat c\u0103 autoturismul figureaz\u0103 ca fiind bun c\u0103utat pentru confiscare, alert\u0103 introdus\u0103 de autorit\u0103\u0163ile italiene la data din luna februarie a.c.<\/p>\n<p style=\"text-align: justify;\">Fa\u0163\u0103 de cele constatate, cet\u0103\u0163eanul rom\u00e2n a declarat c\u0103 a cump\u0103rat autoturismul de la un cona\u0163ional, contra\u00a0 sumei de 1.500 de euro, f\u0103r\u0103 a \u015fti c\u0103 acesta este furat.<\/p>\n<p style=\"text-align: justify;\">Poli\u0163i\u015ftii de frontier\u0103 au \u00eentocmit \u00een cauz\u0103 dosar penal pentru s\u0103v\u00e2r\u015firea infrac\u0163iunii de t\u0103inuire, iar autovehiculul, \u00een valoare de aproximativ 30.000 de lei, a fost indisponibilizat la sediul S.T.P.F. Giurgiu p\u00e2n\u0103 la finalizarea cercet\u0103rilor.<\/p>\n","protected":false},"excerpt":{"rendered":"<p>Poli\u0163i\u015ftii de frontier\u0103 din cadrul I.T.P.F. Giurgiu \u2013 P.T.F. Giurgiu au<\/p>\n","protected":false},"author":2,"featured_media":0,"comment_status":"open","ping_status":"open","sticky":false,"template":"","format":"standard","meta":{"footnotes":""},"categories":[8],"tags":[],"class_list":["post-29232","post","type-post","status-publish","format-standard","hentry","category-alert-news"],"_links":{"self":[{"href":"https:\/\/www.giurgiuveanul.ro\/stiri\/wp-json\/wp\/v2\/posts\/29232","targetHints":{"allow":["GET"]}}],"collection":[{"href":"https:\/\/www.giurgiuveanul.ro\/stiri\/wp-json\/wp\/v2\/posts"}],"about":[{"href":"https:\/\/www.giurgiuveanul.ro\/stiri\/wp-json\/wp\/v2\/types\/post"}],"author":[{"embeddable":true,"href":"https:\/\/www.giurgiuveanul.ro\/stiri\/wp-json\/wp\/v2\/users\/2"}],"replies":[{"embeddable":true,"href":"https:\/\/www.giurgiuveanul.ro\/stiri\/wp-json\/wp\/v2\/comments?post=29232"}],"version-history":[{"count":0,"href":"https:\/\/www.giurgiuveanul.ro\/stiri\/wp-json\/wp\/v2\/posts\/29232\/revisions"}],"wp:attachment":[{"href":"https:\/\/www.giurgiuveanul.ro\/stiri\/wp-json\/wp\/v2\/media?parent=29232"}],"wp:term":[{"taxonomy":"category","embeddable":true,"href":"https:\/\/www.giurgiuveanul.ro\/stiri\/wp-json\/wp\/v2\/categories?post=29232"},{"taxonomy":"post_tag","embeddable":true,"href":"https:\/\/www.giurgiuveanul.ro\/stiri\/wp-json\/wp\/v2\/tags?post=29232"}],"curies":[{"name":"wp","href":"https:\/\/api.w.org\/{rel}","templated":true}]}}