{"id":29310,"date":"2016-04-29T19:00:19","date_gmt":"2016-04-29T16:00:19","guid":{"rendered":"https:\/\/www.giurgiuveanul.ro\/stiri\/?p=29310"},"modified":"2016-04-29T19:09:42","modified_gmt":"2016-04-29T16:09:42","slug":"constantin-stoica-este-condamnat-la-nou-mandat","status":"publish","type":"post","link":"https:\/\/www.giurgiuveanul.ro\/stiri\/constantin-stoica-este-condamnat-la-nou-mandat\/","title":{"rendered":"Constantin Stoica este \u201econdamnat\u201d la un nou mandat!"},"content":{"rendered":"<p style=\"text-align: justify;\"><strong><a href=\"https:\/\/www.giurgiuveanul.ro\/stiri\/wp-content\/uploads\/2016\/04\/constantin-stoica-primar-colibasi-by-Giurgiuveanul.jpg\"><img loading=\"lazy\" decoding=\"async\" class=\"aligncenter size-large wp-image-29311\" src=\"https:\/\/www.giurgiuveanul.ro\/stiri\/wp-content\/uploads\/2016\/04\/constantin-stoica-primar-colibasi-by-Giurgiuveanul-560x414.jpg\" alt=\"constantin-stoica-primar-colibasi-by-Giurgiuveanul\" width=\"560\" height=\"414\" srcset=\"https:\/\/www.giurgiuveanul.ro\/stiri\/wp-content\/uploads\/2016\/04\/constantin-stoica-primar-colibasi-by-Giurgiuveanul-560x414.jpg 560w, https:\/\/www.giurgiuveanul.ro\/stiri\/wp-content\/uploads\/2016\/04\/constantin-stoica-primar-colibasi-by-Giurgiuveanul-250x185.jpg 250w, https:\/\/www.giurgiuveanul.ro\/stiri\/wp-content\/uploads\/2016\/04\/constantin-stoica-primar-colibasi-by-Giurgiuveanul-400x296.jpg 400w, https:\/\/www.giurgiuveanul.ro\/stiri\/wp-content\/uploads\/2016\/04\/constantin-stoica-primar-colibasi-by-Giurgiuveanul.jpg 800w\" sizes=\"auto, (max-width: 560px) 100vw, 560px\" \/><\/a>Constantin Stoica a dat <!--more-->dovad\u0103 de pricepere \u00een conducerea administra\u0163iei publice locale, av\u00e2nd o experien\u0163\u0103 \u00eendelungat\u0103. Nu o spunem noi ci cei care locuiesc \u00een comuna pe care o conduce cu destoinicie.<\/strong><\/p>\n<p style=\"text-align: justify;\">De\u015fi, ini\u0163ial, s-a vorbit despre o posibil\u0103 retragere a sa, din motive personale \u015fi obiective, Constantin Stoica a r\u0103mas deVOTAT!<\/p>\n<p style=\"text-align: justify;\">Este un primar eficient, care va c\u00e2\u015ftiga alegerile din primul tur, oric\u00e2nd va candida, pentru c\u0103 locuitorii comunei \u015ftiu c\u0103 el, al\u0103turi de echipa de consilieri locali, a schimbat fa\u0163a localit\u0103\u0163ii \u015fi poate face noi moderniz\u0103ri aici, iar comuna Coliba\u015fi merit\u0103 aceast\u0103 \u015fans\u0103!<\/p>\n<p style=\"text-align: justify;\">\u00cei dorim succes la alegeri \u015fi promitem c\u0103 \u00eei vom urm\u0103ri activitatea din noul mandat.<\/p>\n","protected":false},"excerpt":{"rendered":"<p>Constantin Stoica a dat<\/p>\n","protected":false},"author":2,"featured_media":0,"comment_status":"open","ping_status":"open","sticky":false,"template":"","format":"standard","meta":{"footnotes":""},"categories":[8],"tags":[],"class_list":["post-29310","post","type-post","status-publish","format-standard","hentry","category-alert-news"],"_links":{"self":[{"href":"https:\/\/www.giurgiuveanul.ro\/stiri\/wp-json\/wp\/v2\/posts\/29310","targetHints":{"allow":["GET"]}}],"collection":[{"href":"https:\/\/www.giurgiuveanul.ro\/stiri\/wp-json\/wp\/v2\/posts"}],"about":[{"href":"https:\/\/www.giurgiuveanul.ro\/stiri\/wp-json\/wp\/v2\/types\/post"}],"author":[{"embeddable":true,"href":"https:\/\/www.giurgiuveanul.ro\/stiri\/wp-json\/wp\/v2\/users\/2"}],"replies":[{"embeddable":true,"href":"https:\/\/www.giurgiuveanul.ro\/stiri\/wp-json\/wp\/v2\/comments?post=29310"}],"version-history":[{"count":0,"href":"https:\/\/www.giurgiuveanul.ro\/stiri\/wp-json\/wp\/v2\/posts\/29310\/revisions"}],"wp:attachment":[{"href":"https:\/\/www.giurgiuveanul.ro\/stiri\/wp-json\/wp\/v2\/media?parent=29310"}],"wp:term":[{"taxonomy":"category","embeddable":true,"href":"https:\/\/www.giurgiuveanul.ro\/stiri\/wp-json\/wp\/v2\/categories?post=29310"},{"taxonomy":"post_tag","embeddable":true,"href":"https:\/\/www.giurgiuveanul.ro\/stiri\/wp-json\/wp\/v2\/tags?post=29310"}],"curies":[{"name":"wp","href":"https:\/\/api.w.org\/{rel}","templated":true}]}}