{"id":29315,"date":"2016-04-29T20:09:47","date_gmt":"2016-04-29T17:09:47","guid":{"rendered":"https:\/\/www.giurgiuveanul.ro\/stiri\/?p=29315"},"modified":"2016-04-29T20:09:47","modified_gmt":"2016-04-29T17:09:47","slug":"liberalii-vor-infiinta-serviciu-de-ambulanta-sociala-in-municipiul-giurgiu","status":"publish","type":"post","link":"https:\/\/www.giurgiuveanul.ro\/stiri\/liberalii-vor-infiinta-serviciu-de-ambulanta-sociala-in-municipiul-giurgiu\/","title":{"rendered":"Liberalii vor \u00eenfiin\u0163a un serviciu de ambulan\u0163\u0103 social\u0103 \u00een municipiul Giurgiu"},"content":{"rendered":"<p style=\"text-align: justify;\"><a href=\"https:\/\/www.giurgiuveanul.ro\/stiri\/wp-content\/uploads\/2016\/04\/Pick-Ladislau.jpg\"><img loading=\"lazy\" decoding=\"async\" class=\"aligncenter size-large wp-image-29316\" src=\"https:\/\/www.giurgiuveanul.ro\/stiri\/wp-content\/uploads\/2016\/04\/Pick-Ladislau-488x450.jpg\" alt=\"Pick Ladislau\" width=\"488\" height=\"450\" srcset=\"https:\/\/www.giurgiuveanul.ro\/stiri\/wp-content\/uploads\/2016\/04\/Pick-Ladislau-488x450.jpg 488w, https:\/\/www.giurgiuveanul.ro\/stiri\/wp-content\/uploads\/2016\/04\/Pick-Ladislau-250x231.jpg 250w, https:\/\/www.giurgiuveanul.ro\/stiri\/wp-content\/uploads\/2016\/04\/Pick-Ladislau-400x369.jpg 400w, https:\/\/www.giurgiuveanul.ro\/stiri\/wp-content\/uploads\/2016\/04\/Pick-Ladislau.jpg 520w\" sizes=\"auto, (max-width: 488px) 100vw, 488px\" \/><\/a>\u00cen conferin\u0163a de pres\u0103 a PNL Giurgiu, de ast\u0103zi, 29 aprilie 2016, <strong>doctorul Ladislau Pick,<\/strong> candidat pe lista de consilieri locali ai acestei forma\u0163iuni politice, s-a<!--more--> ar\u0103tat foarte \u00eenc\u00e2ntat c\u0103 face parte dintr-o echip\u0103 format\u0103 din <em>\u201eoameni valoro\u015fi, cu expertiz\u0103 \u00een marea majoritate a domeniilor cu care ne vom confrunta \u00een perioada imediat urm\u0103toare\u201d.<\/em><\/p>\n<p style=\"text-align: justify;\">Cunoscutul medic \u015fi politician liberal giurgiuvean a mai spus: <em>\u201eS\u0103n\u0103tatea este un motiv de disput\u0103, de ani de zile, un domeniu \u00een care probleme sunt, ar fi nedrept s\u0103 nu le recunoa\u015ftem, dar am convingerea c\u0103 vom dep\u0103\u015fi stadiul declarativ \u015fi ne vom implica, at\u00e2t c\u00e2t ne permite curricula institu\u0163iei primarului \u015fi a Consiliului Local, \u00een a reda giurgiuvenilor starea de s\u0103n\u0103tate pe care \u015fi-o doresc. A\u015f face o singur\u0103 referire la componenta social\u0103 a practicii medicale \u015fi a\u015f devalua doar un aspect, pe care \u00eel avem inclus \u00een domeniul s\u0103n\u0103t\u0103\u0163ii: \u00eenfiin\u0163area unui serviciu de ambulan\u0163\u0103 social\u0103. Este, dac\u0103 vre\u0163i, o manier\u0103 de a r\u0103spunde nevoilor giurgiuvenilor. Acest serviciu de ambulan\u0163\u0103 social\u0103 exist\u0103 \u00een toate \u0163\u0103rile europene, \u00een toate ora\u015fele mari, lucru pe care eu l-am v\u0103zut \u015fi am avut ocazia s\u0103 \u00eel constat chiar la una din vizitele mele recente, \u00eentr-un ora\u015f din Germania. Un ora\u015f care se compar\u0103 cu Giurgiu ca num\u0103r de locuitori, ca \u015fi a\u015fezare riveran\u0103 Dun\u0103rii, este vorba de Ulm <\/em>(n.r. \u00een landul Baden-W\u00fcrttemberg),<em> \u015fi am avut acolo ocazia de a vedea lucruri pe care putem s\u0103 le punem \u00een practic\u0103 \u015fi noi. \u00cenc\u0103 o dat\u0103, v\u0103 spun cu toat\u0103 convingerea c\u0103 suntem o echip\u0103 unit\u0103, suntem dispu\u015fi la eforturi deosebite pentru a fi l\u00e2ng\u0103 giurgiuveni\u201d.<\/em><\/p>\n","protected":false},"excerpt":{"rendered":"<p>\u00cen conferin\u0163a de pres\u0103 a PNL Giurgiu, de ast\u0103zi, 29 aprilie 2016, doctorul Ladislau Pick, candidat pe lista de consilieri locali ai acestei forma\u0163iuni politice, s-a<\/p>\n","protected":false},"author":2,"featured_media":0,"comment_status":"open","ping_status":"open","sticky":false,"template":"","format":"standard","meta":{"footnotes":""},"categories":[8],"tags":[],"class_list":["post-29315","post","type-post","status-publish","format-standard","hentry","category-alert-news"],"_links":{"self":[{"href":"https:\/\/www.giurgiuveanul.ro\/stiri\/wp-json\/wp\/v2\/posts\/29315","targetHints":{"allow":["GET"]}}],"collection":[{"href":"https:\/\/www.giurgiuveanul.ro\/stiri\/wp-json\/wp\/v2\/posts"}],"about":[{"href":"https:\/\/www.giurgiuveanul.ro\/stiri\/wp-json\/wp\/v2\/types\/post"}],"author":[{"embeddable":true,"href":"https:\/\/www.giurgiuveanul.ro\/stiri\/wp-json\/wp\/v2\/users\/2"}],"replies":[{"embeddable":true,"href":"https:\/\/www.giurgiuveanul.ro\/stiri\/wp-json\/wp\/v2\/comments?post=29315"}],"version-history":[{"count":0,"href":"https:\/\/www.giurgiuveanul.ro\/stiri\/wp-json\/wp\/v2\/posts\/29315\/revisions"}],"wp:attachment":[{"href":"https:\/\/www.giurgiuveanul.ro\/stiri\/wp-json\/wp\/v2\/media?parent=29315"}],"wp:term":[{"taxonomy":"category","embeddable":true,"href":"https:\/\/www.giurgiuveanul.ro\/stiri\/wp-json\/wp\/v2\/categories?post=29315"},{"taxonomy":"post_tag","embeddable":true,"href":"https:\/\/www.giurgiuveanul.ro\/stiri\/wp-json\/wp\/v2\/tags?post=29315"}],"curies":[{"name":"wp","href":"https:\/\/api.w.org\/{rel}","templated":true}]}}