{"id":29356,"date":"2016-05-01T11:10:47","date_gmt":"2016-05-01T08:10:47","guid":{"rendered":"https:\/\/www.giurgiuveanul.ro\/stiri\/?p=29356"},"modified":"2016-05-01T11:10:47","modified_gmt":"2016-05-01T08:10:47","slug":"la-multi-ani-vasile-arcanu-3","status":"publish","type":"post","link":"https:\/\/www.giurgiuveanul.ro\/stiri\/la-multi-ani-vasile-arcanu-3\/","title":{"rendered":"La Mul\u0163i Ani, Vasile Arcanu!"},"content":{"rendered":"<p style=\"text-align: justify;\"><a href=\"https:\/\/www.giurgiuveanul.ro\/stiri\/wp-content\/uploads\/2016\/05\/12193559_415485478651490_6157933256790228354_n.jpg\"><img loading=\"lazy\" decoding=\"async\" class=\"aligncenter size-large wp-image-29357\" src=\"https:\/\/www.giurgiuveanul.ro\/stiri\/wp-content\/uploads\/2016\/05\/12193559_415485478651490_6157933256790228354_n-450x450.jpg\" alt=\"12193559_415485478651490_6157933256790228354_n\" width=\"450\" height=\"450\" srcset=\"https:\/\/www.giurgiuveanul.ro\/stiri\/wp-content\/uploads\/2016\/05\/12193559_415485478651490_6157933256790228354_n-450x450.jpg 450w, https:\/\/www.giurgiuveanul.ro\/stiri\/wp-content\/uploads\/2016\/05\/12193559_415485478651490_6157933256790228354_n-250x250.jpg 250w, https:\/\/www.giurgiuveanul.ro\/stiri\/wp-content\/uploads\/2016\/05\/12193559_415485478651490_6157933256790228354_n-200x200.jpg 200w, https:\/\/www.giurgiuveanul.ro\/stiri\/wp-content\/uploads\/2016\/05\/12193559_415485478651490_6157933256790228354_n-400x400.jpg 400w, https:\/\/www.giurgiuveanul.ro\/stiri\/wp-content\/uploads\/2016\/05\/12193559_415485478651490_6157933256790228354_n.jpg 960w\" sizes=\"auto, (max-width: 450px) 100vw, 450px\" \/><\/a>Colegul nostru Vasile Arcanu \u00eempline\u0219te ast\u0103zi <!--more-->53 de ani. Este unul dintre veteranii presei locale, este omul care s-a dedicat, \u00een timp, cu timp \u015fi f\u0103r\u0103 timp, inform\u0103rii publicului giurgiuvean.<\/p>\n<p style=\"text-align: justify;\">La (doar) 53 de ani, Vasile Arcanu este un spirit t\u00e2n\u0103r \u0219i plin de verv\u0103 \u00een tot ceea ce face&#8230; jurnalism \u015fi (mai ales!) fotografie.<\/p>\n<p style=\"text-align: justify;\">Nu este nevoie s\u0103 readucem \u00een aten\u021bia cititorilor personalitatea complex\u0103 a colegului nostru, pentru c\u0103 este permanent \u00een mijlocul tuturor evenimentelor.<\/p>\n<p style=\"text-align: justify;\">Nu vom mai men\u0163iona am\u0103nunte despre talentul \u0219i sensibilitatea \u00een arta fotografiei a celui pe care cei mai mul\u021bi \u00eel \u0219tiu ca redactor \u015fef al cotidianului Giurgiuveanul&#8230; pentru c\u0103 ne-ar lua foarte mult spa\u0163iu.<\/p>\n<p style=\"text-align: justify;\">A\u015fadar, la ceas aniversar, lui Vasile Arcanu, colegul nostru neobosit, mereu pe faz\u0103, \u00eentregul colectiv al redac\u021biei \u00eei ureaz\u0103 un sincer LA MUL\u021aI ANI!, mult\u0103 s\u0103n\u0103tate \u0219i c\u00e2t mai mul\u021bi ani, \u00een fruntea celor care trudesc la cel mai citit cotidian giurgiuvean.<\/p>\n","protected":false},"excerpt":{"rendered":"<p>Colegul nostru Vasile Arcanu \u00eempline\u0219te ast\u0103zi<\/p>\n","protected":false},"author":2,"featured_media":0,"comment_status":"open","ping_status":"open","sticky":false,"template":"","format":"standard","meta":{"footnotes":""},"categories":[16],"tags":[],"class_list":["post-29356","post","type-post","status-publish","format-standard","hentry","category-astazi-e-ziua-ta"],"_links":{"self":[{"href":"https:\/\/www.giurgiuveanul.ro\/stiri\/wp-json\/wp\/v2\/posts\/29356","targetHints":{"allow":["GET"]}}],"collection":[{"href":"https:\/\/www.giurgiuveanul.ro\/stiri\/wp-json\/wp\/v2\/posts"}],"about":[{"href":"https:\/\/www.giurgiuveanul.ro\/stiri\/wp-json\/wp\/v2\/types\/post"}],"author":[{"embeddable":true,"href":"https:\/\/www.giurgiuveanul.ro\/stiri\/wp-json\/wp\/v2\/users\/2"}],"replies":[{"embeddable":true,"href":"https:\/\/www.giurgiuveanul.ro\/stiri\/wp-json\/wp\/v2\/comments?post=29356"}],"version-history":[{"count":0,"href":"https:\/\/www.giurgiuveanul.ro\/stiri\/wp-json\/wp\/v2\/posts\/29356\/revisions"}],"wp:attachment":[{"href":"https:\/\/www.giurgiuveanul.ro\/stiri\/wp-json\/wp\/v2\/media?parent=29356"}],"wp:term":[{"taxonomy":"category","embeddable":true,"href":"https:\/\/www.giurgiuveanul.ro\/stiri\/wp-json\/wp\/v2\/categories?post=29356"},{"taxonomy":"post_tag","embeddable":true,"href":"https:\/\/www.giurgiuveanul.ro\/stiri\/wp-json\/wp\/v2\/tags?post=29356"}],"curies":[{"name":"wp","href":"https:\/\/api.w.org\/{rel}","templated":true}]}}