{"id":29397,"date":"2016-05-03T12:42:31","date_gmt":"2016-05-03T09:42:31","guid":{"rendered":"https:\/\/www.giurgiuveanul.ro\/stiri\/?p=29397"},"modified":"2016-05-03T12:42:31","modified_gmt":"2016-05-03T09:42:31","slug":"cod-galben-de-precipitatii-la-giurgiu-pompierii-in-stare-de-alerta","status":"publish","type":"post","link":"https:\/\/www.giurgiuveanul.ro\/stiri\/cod-galben-de-precipitatii-la-giurgiu-pompierii-in-stare-de-alerta\/","title":{"rendered":"Cod galben de precipita\u0163ii la Giurgiu. Pompierii, \u00een stare de alert\u0103"},"content":{"rendered":"<p style=\"text-align: justify;\"><strong><a href=\"https:\/\/www.giurgiuveanul.ro\/stiri\/wp-content\/uploads\/2016\/05\/ploua-in-Giurgiu-SITE.jpg\"><img loading=\"lazy\" decoding=\"async\" class=\"aligncenter size-large wp-image-29398\" src=\"https:\/\/www.giurgiuveanul.ro\/stiri\/wp-content\/uploads\/2016\/05\/ploua-in-Giurgiu-SITE-560x328.jpg\" alt=\"ploua-in-Giurgiu-SITE\" width=\"560\" height=\"328\" srcset=\"https:\/\/www.giurgiuveanul.ro\/stiri\/wp-content\/uploads\/2016\/05\/ploua-in-Giurgiu-SITE-560x328.jpg 560w, https:\/\/www.giurgiuveanul.ro\/stiri\/wp-content\/uploads\/2016\/05\/ploua-in-Giurgiu-SITE-250x147.jpg 250w, https:\/\/www.giurgiuveanul.ro\/stiri\/wp-content\/uploads\/2016\/05\/ploua-in-Giurgiu-SITE-400x235.jpg 400w, https:\/\/www.giurgiuveanul.ro\/stiri\/wp-content\/uploads\/2016\/05\/ploua-in-Giurgiu-SITE.jpg 800w\" sizes=\"auto, (max-width: 560px) 100vw, 560px\" \/><\/a>Administra\u021bia Na\u021bional\u0103 de Meteorologie a emis un cod galben de <!--more-->ploaie \u0219i v\u00e2nt, valabil de pe 3 mai, la ora 9 \u0219i p\u00e2n\u0103 pe 4 mai la ora 21. Astfel, \u00een mai multe jude\u021be din \u021bar\u0103, printre care \u0219i Giurgiu, se vor semnala ploi importante cantitativ, intensific\u0103ri ale v\u00e2ntului \u0219i ninsori \u00een zona montan\u0103 \u00eenalt\u0103.<\/strong><\/p>\n<p style=\"text-align: justify;\">\u00cen intervalul men\u0163ionat, \u00een Oltenia, Muntenia, Dobrogea, jum\u0103tatea de sud a Moldovei \u015fi zona Carpa\u0163ilor Meridionali \u015fi Orientali pe arii extinse vor fi ploi, temporar mai intense, astfel c\u0103 se vor cumula local cantit\u0103\u0163i de ap\u0103 de peste 20&#8230;30 l\/mp \u015fi izolat peste 50 l\/mp. La altitudini mai mari de 1700 m, \u00een special \u00een Carpa\u0163ii Meridionali, precipita\u0163iile vor fi sub form\u0103 de ninsoare. \u00cen zonele aten\u0163ionate, temporar v\u00e2ntul va avea intensific\u0103ri cu viteze de 55&#8230;65 km\/h, iar la munte rafalele vor dep\u0103\u015fi 70 km\/h.<\/p>\n<p style=\"text-align: justify;\">\u00cen jude\u021bele aflate sub inciden\u021ba aten\u021bion\u0103rilor de vremea rea, IGSU a dispus asigurarea rezervei de personal \u0219i activarea, la nevoie, a grupelor operative pentru interven\u021bia imediat\u0103&#8221;, se arat\u0103 \u00eentr-un comunicat IGSU.<\/p>\n<p style=\"text-align: justify;\">\u201eAv\u00e2nd \u00een vedere c\u0103 sunt preconizate ploi \u00eensemnate cantitativ, intensific\u0103ri ale v\u00e2ntului \u0219i ninsori \u00een zonele montane, care pot produce efecte asupra popula\u021biei \u0219i mediului, \u00een jude\u021bele aflate sub inciden\u021ba aten\u021bion\u0103rilor de vremea rea, IGSU a dispus asigurarea rezervei de personal \u0219i activarea, la nevoie, a grupelor operative pentru interven\u021bia imediat\u0103\u201d, se arat\u0103 \u00eentr-un comunicat IGSU.<\/p>\n<p style=\"text-align: justify;\">Totodat\u0103, la nevoie, echipajele serviciilor profesioniste pentru situa\u021bii de urgen\u021b\u0103 vor fi dislocate, \u00een cel mai scurt timp, \u00een zonele de risc pentru evacuarea popula\u021biei, animalelor \u0219i bunurilor aflate \u00een pericol, precum \u0219i pentru limitarea \u0219i \u00eenl\u0103turarea eventualelor efecte negative.<\/p>\n<p style=\"text-align: justify;\">Evolu\u021bia fenomenelor meteorologice periculoase va fi permanent monitorizat\u0103 prin Centrul Opera\u021bional Na\u021bional al IGSU.<\/p>\n<p style=\"text-align: justify;\">\n<p style=\"text-align: justify;\"><em>Marcela Petcu <\/em><\/p>\n","protected":false},"excerpt":{"rendered":"<p>Administra\u021bia Na\u021bional\u0103 de Meteorologie a emis un cod galben de<\/p>\n","protected":false},"author":2,"featured_media":0,"comment_status":"open","ping_status":"open","sticky":false,"template":"","format":"standard","meta":{"footnotes":""},"categories":[8],"tags":[],"class_list":["post-29397","post","type-post","status-publish","format-standard","hentry","category-alert-news"],"_links":{"self":[{"href":"https:\/\/www.giurgiuveanul.ro\/stiri\/wp-json\/wp\/v2\/posts\/29397","targetHints":{"allow":["GET"]}}],"collection":[{"href":"https:\/\/www.giurgiuveanul.ro\/stiri\/wp-json\/wp\/v2\/posts"}],"about":[{"href":"https:\/\/www.giurgiuveanul.ro\/stiri\/wp-json\/wp\/v2\/types\/post"}],"author":[{"embeddable":true,"href":"https:\/\/www.giurgiuveanul.ro\/stiri\/wp-json\/wp\/v2\/users\/2"}],"replies":[{"embeddable":true,"href":"https:\/\/www.giurgiuveanul.ro\/stiri\/wp-json\/wp\/v2\/comments?post=29397"}],"version-history":[{"count":0,"href":"https:\/\/www.giurgiuveanul.ro\/stiri\/wp-json\/wp\/v2\/posts\/29397\/revisions"}],"wp:attachment":[{"href":"https:\/\/www.giurgiuveanul.ro\/stiri\/wp-json\/wp\/v2\/media?parent=29397"}],"wp:term":[{"taxonomy":"category","embeddable":true,"href":"https:\/\/www.giurgiuveanul.ro\/stiri\/wp-json\/wp\/v2\/categories?post=29397"},{"taxonomy":"post_tag","embeddable":true,"href":"https:\/\/www.giurgiuveanul.ro\/stiri\/wp-json\/wp\/v2\/tags?post=29397"}],"curies":[{"name":"wp","href":"https:\/\/api.w.org\/{rel}","templated":true}]}}