{"id":29416,"date":"2016-05-04T09:11:07","date_gmt":"2016-05-04T06:11:07","guid":{"rendered":"https:\/\/www.giurgiuveanul.ro\/stiri\/?p=29416"},"modified":"2016-05-04T09:30:37","modified_gmt":"2016-05-04T06:30:37","slug":"incendiu-devastator-in-judetul-giurgiu-90-000-de-pasari-au-ars-de-vii","status":"publish","type":"post","link":"https:\/\/www.giurgiuveanul.ro\/stiri\/incendiu-devastator-in-judetul-giurgiu-90-000-de-pasari-au-ars-de-vii\/","title":{"rendered":"Incendiu devastator \u00een jude\u0163ul Giurgiu. 90.000 de p\u0103s\u0103ri au ars de vii"},"content":{"rendered":"<p style=\"text-align: justify;\"><strong><a href=\"https:\/\/www.giurgiuveanul.ro\/stiri\/wp-content\/uploads\/2016\/05\/incendiu-ferma.jpg\"><img loading=\"lazy\" decoding=\"async\" class=\"aligncenter size-large wp-image-29417\" src=\"https:\/\/www.giurgiuveanul.ro\/stiri\/wp-content\/uploads\/2016\/05\/incendiu-ferma-560x343.jpg\" alt=\"incendiu ferma\" width=\"560\" height=\"343\" srcset=\"https:\/\/www.giurgiuveanul.ro\/stiri\/wp-content\/uploads\/2016\/05\/incendiu-ferma-560x343.jpg 560w, https:\/\/www.giurgiuveanul.ro\/stiri\/wp-content\/uploads\/2016\/05\/incendiu-ferma-250x153.jpg 250w, https:\/\/www.giurgiuveanul.ro\/stiri\/wp-content\/uploads\/2016\/05\/incendiu-ferma-400x245.jpg 400w, https:\/\/www.giurgiuveanul.ro\/stiri\/wp-content\/uploads\/2016\/05\/incendiu-ferma.jpg 1200w\" sizes=\"auto, (max-width: 560px) 100vw, 560px\" \/><\/a>Un incendiu violent s-a produs mar\u0163i noaptea la <!--more-->o hala de p\u0103s\u0103ri din Fr\u0103te\u015fti, fl\u0103c\u0103rile omor\u00e2nd 90.000 de p\u0103s\u0103ri.<\/strong><\/p>\n<p style=\"text-align: justify;\">Pompierii din cadrul ISU Giurgiu au fost solicita\u0163i, mar\u0163i seara, \u00een jurul orei 23.23, \u00een urma unui apel venit din partea unui \u015fofer de TIR, s\u0103 intervin\u0103 la un incendiu care a izbucnit la o hal\u0103 de g\u0103ini ou\u0103toare din Fr\u0103te\u015fti. La momentul sosirii echipajelor de interven\u021bie, focul se manifesta generalizat. Potrivit pompierilor, la fa\u0163a locului s-au deplasat patru autrospeciale de lucru cu ap\u0103 \u015fi spum\u0103 de la Deta\u015famentul Giurgiu \u015fi Garda Mih\u0103ile\u015fti, incendiul fiind lichidat \u00een patru ore.<\/p>\n<p style=\"text-align: justify;\">Circa 90.000 de g\u0103ini au ars de vii \u00een incendiu, dar \u015fi construc\u0163ia, pe o suprafa\u0163\u0103 de 2.400 mp. Din informa\u0163iile noastre, hala ar apar\u0163ine firmei SC La \u0162ar\u0103 SRL.<\/p>\n<p style=\"text-align: justify;\">Pompierii \u015fi poli\u0163i\u015ftii fac cercet\u0103ri cu privire la cauza care a dus la declan\u015farea incendiului \u015fi la \u00eemprejur\u0103rile \u00een care acesta s-a produs.<\/p>\n","protected":false},"excerpt":{"rendered":"<p>Un incendiu violent s-a produs mar\u0163i noaptea la<\/p>\n","protected":false},"author":2,"featured_media":0,"comment_status":"open","ping_status":"open","sticky":false,"template":"","format":"standard","meta":{"footnotes":""},"categories":[6],"tags":[],"class_list":["post-29416","post","type-post","status-publish","format-standard","hentry","category-breaking-news"],"_links":{"self":[{"href":"https:\/\/www.giurgiuveanul.ro\/stiri\/wp-json\/wp\/v2\/posts\/29416","targetHints":{"allow":["GET"]}}],"collection":[{"href":"https:\/\/www.giurgiuveanul.ro\/stiri\/wp-json\/wp\/v2\/posts"}],"about":[{"href":"https:\/\/www.giurgiuveanul.ro\/stiri\/wp-json\/wp\/v2\/types\/post"}],"author":[{"embeddable":true,"href":"https:\/\/www.giurgiuveanul.ro\/stiri\/wp-json\/wp\/v2\/users\/2"}],"replies":[{"embeddable":true,"href":"https:\/\/www.giurgiuveanul.ro\/stiri\/wp-json\/wp\/v2\/comments?post=29416"}],"version-history":[{"count":0,"href":"https:\/\/www.giurgiuveanul.ro\/stiri\/wp-json\/wp\/v2\/posts\/29416\/revisions"}],"wp:attachment":[{"href":"https:\/\/www.giurgiuveanul.ro\/stiri\/wp-json\/wp\/v2\/media?parent=29416"}],"wp:term":[{"taxonomy":"category","embeddable":true,"href":"https:\/\/www.giurgiuveanul.ro\/stiri\/wp-json\/wp\/v2\/categories?post=29416"},{"taxonomy":"post_tag","embeddable":true,"href":"https:\/\/www.giurgiuveanul.ro\/stiri\/wp-json\/wp\/v2\/tags?post=29416"}],"curies":[{"name":"wp","href":"https:\/\/api.w.org\/{rel}","templated":true}]}}