{"id":29423,"date":"2016-05-04T12:00:14","date_gmt":"2016-05-04T09:00:14","guid":{"rendered":"https:\/\/www.giurgiuveanul.ro\/stiri\/?p=29423"},"modified":"2016-05-04T12:00:14","modified_gmt":"2016-05-04T09:00:14","slug":"moarte-suspecta-giurgiuvean-gasit-mort-in-pat","status":"publish","type":"post","link":"https:\/\/www.giurgiuveanul.ro\/stiri\/moarte-suspecta-giurgiuvean-gasit-mort-in-pat\/","title":{"rendered":"Moarte suspect\u0103! Giurgiuvean g\u0103sit mort, \u00een pat"},"content":{"rendered":"<p style=\"text-align: justify;\"><strong><a href=\"https:\/\/www.giurgiuveanul.ro\/stiri\/wp-content\/uploads\/2016\/05\/politie_criminalistica_tuzla1.jpg\"><img loading=\"lazy\" decoding=\"async\" class=\"aligncenter size-large wp-image-29424\" src=\"https:\/\/www.giurgiuveanul.ro\/stiri\/wp-content\/uploads\/2016\/05\/politie_criminalistica_tuzla1-560x314.jpg\" alt=\"politie_criminalistica_tuzla(1)\" width=\"560\" height=\"314\" srcset=\"https:\/\/www.giurgiuveanul.ro\/stiri\/wp-content\/uploads\/2016\/05\/politie_criminalistica_tuzla1-560x314.jpg 560w, https:\/\/www.giurgiuveanul.ro\/stiri\/wp-content\/uploads\/2016\/05\/politie_criminalistica_tuzla1-250x140.jpg 250w, https:\/\/www.giurgiuveanul.ro\/stiri\/wp-content\/uploads\/2016\/05\/politie_criminalistica_tuzla1-400x225.jpg 400w, https:\/\/www.giurgiuveanul.ro\/stiri\/wp-content\/uploads\/2016\/05\/politie_criminalistica_tuzla1.jpg 620w\" sizes=\"auto, (max-width: 560px) 100vw, 560px\" \/><\/a>Moarte suspect\u0103 \u00een municipiul Giurgiu, chiar \u00een <!--more-->prima zi de Pa\u015fti. Un b\u0103rbat a fost g\u0103sit f\u0103r\u0103 suflare \u00een propria locuin\u021b\u0103, iar cea care a f\u0103cut macabra descoperire a fost chiar nora sa. Trupul b\u0103rbatului de 85 de ani a fost g\u0103sit pe pat, prezent\u00e2nd escoria\u0163ii.<\/strong><\/p>\n<p style=\"text-align: justify;\">Cea care a sesizat Serviciul de Ambulan\u0163\u0103 a fost chiar nora sa, \u00eens\u0103, din nefericire, medicii au constatat c\u0103 acesta a decedat. Medicii au alertat poli\u0163i\u015ftii, care au \u00eenceput cercet\u0103rile \u0219i au \u00eentocmit dosar penal pentru moarte suspect\u0103. Oamenii legii au constatat, din primele cercet\u0103ri, c\u0103 b\u0103rbatul prezenta escoria\u0163ii la nivelul corpului, \u00eens\u0103, din declara\u0163iile norei sale, b\u0103tr\u00e2nul fusese internat cu c\u00e2teva luni \u00een urm\u0103 \u00een spital, ceea ce explic\u0103 prezen\u0163a acestora. \u00cen plus, omul avea probleme medicale, fiind \u00a0imobilizat la pat. Cadavrul b\u0103rbatului a fost transportat la Serviciul de Medicin\u0103 Legal\u0103 Giurgiu, pentru efectuarea necropsiei.<\/p>\n<p>&nbsp;<\/p>\n<p><em>Marcela Petcu<\/em><\/p>\n","protected":false},"excerpt":{"rendered":"<p>Moarte suspect\u0103 \u00een municipiul Giurgiu, chiar \u00een<\/p>\n","protected":false},"author":2,"featured_media":0,"comment_status":"open","ping_status":"open","sticky":false,"template":"","format":"standard","meta":{"footnotes":""},"categories":[8],"tags":[],"class_list":["post-29423","post","type-post","status-publish","format-standard","hentry","category-alert-news"],"_links":{"self":[{"href":"https:\/\/www.giurgiuveanul.ro\/stiri\/wp-json\/wp\/v2\/posts\/29423","targetHints":{"allow":["GET"]}}],"collection":[{"href":"https:\/\/www.giurgiuveanul.ro\/stiri\/wp-json\/wp\/v2\/posts"}],"about":[{"href":"https:\/\/www.giurgiuveanul.ro\/stiri\/wp-json\/wp\/v2\/types\/post"}],"author":[{"embeddable":true,"href":"https:\/\/www.giurgiuveanul.ro\/stiri\/wp-json\/wp\/v2\/users\/2"}],"replies":[{"embeddable":true,"href":"https:\/\/www.giurgiuveanul.ro\/stiri\/wp-json\/wp\/v2\/comments?post=29423"}],"version-history":[{"count":0,"href":"https:\/\/www.giurgiuveanul.ro\/stiri\/wp-json\/wp\/v2\/posts\/29423\/revisions"}],"wp:attachment":[{"href":"https:\/\/www.giurgiuveanul.ro\/stiri\/wp-json\/wp\/v2\/media?parent=29423"}],"wp:term":[{"taxonomy":"category","embeddable":true,"href":"https:\/\/www.giurgiuveanul.ro\/stiri\/wp-json\/wp\/v2\/categories?post=29423"},{"taxonomy":"post_tag","embeddable":true,"href":"https:\/\/www.giurgiuveanul.ro\/stiri\/wp-json\/wp\/v2\/tags?post=29423"}],"curies":[{"name":"wp","href":"https:\/\/api.w.org\/{rel}","templated":true}]}}