{"id":29483,"date":"2016-05-05T20:03:07","date_gmt":"2016-05-05T17:03:07","guid":{"rendered":"https:\/\/www.giurgiuveanul.ro\/stiri\/?p=29483"},"modified":"2016-05-05T20:03:07","modified_gmt":"2016-05-05T17:03:07","slug":"tir-rasturnat-in-sant-pe-dn-5","status":"publish","type":"post","link":"https:\/\/www.giurgiuveanul.ro\/stiri\/tir-rasturnat-in-sant-pe-dn-5\/","title":{"rendered":"TIR r\u0103sturnat \u00een \u015fan\u0163, pe DN 5"},"content":{"rendered":"<p style=\"text-align: justify;\"><a href=\"https:\/\/www.giurgiuveanul.ro\/stiri\/wp-content\/uploads\/2016\/05\/TIR-rasturnat-in-sant-pe-DN-5.jpg\"><img loading=\"lazy\" decoding=\"async\" class=\"aligncenter size-large wp-image-29484\" src=\"https:\/\/www.giurgiuveanul.ro\/stiri\/wp-content\/uploads\/2016\/05\/TIR-rasturnat-in-sant-pe-DN-5-560x429.jpg\" alt=\"TIR rasturnat in sant pe DN 5\" width=\"560\" height=\"429\" srcset=\"https:\/\/www.giurgiuveanul.ro\/stiri\/wp-content\/uploads\/2016\/05\/TIR-rasturnat-in-sant-pe-DN-5-560x429.jpg 560w, https:\/\/www.giurgiuveanul.ro\/stiri\/wp-content\/uploads\/2016\/05\/TIR-rasturnat-in-sant-pe-DN-5-250x192.jpg 250w, https:\/\/www.giurgiuveanul.ro\/stiri\/wp-content\/uploads\/2016\/05\/TIR-rasturnat-in-sant-pe-DN-5-400x307.jpg 400w, https:\/\/www.giurgiuveanul.ro\/stiri\/wp-content\/uploads\/2016\/05\/TIR-rasturnat-in-sant-pe-DN-5.jpg 960w\" sizes=\"auto, (max-width: 560px) 100vw, 560px\" \/><\/a>Un TIR cu semiremorc\u0103 s-a r\u0103sturnat,<!--more--> ieri diminea\u0163\u0103, \u00eentr-un \u015fan\u0163 de pe marginea DN 5 Giurgiu-Bucure\u015fti. Accidentul s-a produs \u00een zona Alidora, la km 40, \u015foferul acestuia, un b\u0103rbat de 35 de ani, din Republica Moldova, pierz\u00e2nd controlul direc\u0163iei, din cauz\u0103 c\u0103 avea alte preocup\u0103ri la volan, de natur\u0103 a-i distrage aten\u0163ia de la trafic. \u015eoferul nu a fost r\u0103nit, dar a fost sanc\u0163ionat de poli\u0163i\u015fti cu 500 lei, pentru c\u0103 avea alte preocup\u0103ri la volan de natur\u0103 a-i distrage aten\u0163ia.<\/p>\n<p style=\"text-align: justify;\">Camionul s-a r\u0103sturnat pe o parte \u00een \u015fan\u0163ul de pe marginea drumului, \u00eens\u0103 nici la o zi de la accident nu a fost ridicat din zon\u0103.<\/p>\n","protected":false},"excerpt":{"rendered":"<p>Un TIR cu semiremorc\u0103 s-a r\u0103sturnat,<\/p>\n","protected":false},"author":2,"featured_media":0,"comment_status":"open","ping_status":"open","sticky":false,"template":"","format":"standard","meta":{"footnotes":""},"categories":[8],"tags":[],"class_list":["post-29483","post","type-post","status-publish","format-standard","hentry","category-alert-news"],"_links":{"self":[{"href":"https:\/\/www.giurgiuveanul.ro\/stiri\/wp-json\/wp\/v2\/posts\/29483","targetHints":{"allow":["GET"]}}],"collection":[{"href":"https:\/\/www.giurgiuveanul.ro\/stiri\/wp-json\/wp\/v2\/posts"}],"about":[{"href":"https:\/\/www.giurgiuveanul.ro\/stiri\/wp-json\/wp\/v2\/types\/post"}],"author":[{"embeddable":true,"href":"https:\/\/www.giurgiuveanul.ro\/stiri\/wp-json\/wp\/v2\/users\/2"}],"replies":[{"embeddable":true,"href":"https:\/\/www.giurgiuveanul.ro\/stiri\/wp-json\/wp\/v2\/comments?post=29483"}],"version-history":[{"count":0,"href":"https:\/\/www.giurgiuveanul.ro\/stiri\/wp-json\/wp\/v2\/posts\/29483\/revisions"}],"wp:attachment":[{"href":"https:\/\/www.giurgiuveanul.ro\/stiri\/wp-json\/wp\/v2\/media?parent=29483"}],"wp:term":[{"taxonomy":"category","embeddable":true,"href":"https:\/\/www.giurgiuveanul.ro\/stiri\/wp-json\/wp\/v2\/categories?post=29483"},{"taxonomy":"post_tag","embeddable":true,"href":"https:\/\/www.giurgiuveanul.ro\/stiri\/wp-json\/wp\/v2\/tags?post=29483"}],"curies":[{"name":"wp","href":"https:\/\/api.w.org\/{rel}","templated":true}]}}