{"id":29519,"date":"2016-05-07T09:39:35","date_gmt":"2016-05-07T06:39:35","guid":{"rendered":"https:\/\/www.giurgiuveanul.ro\/stiri\/?p=29519"},"modified":"2016-05-07T09:39:35","modified_gmt":"2016-05-07T06:39:35","slug":"ambulanta-care-l-a-transportat-pe-ekeng-la-spital-nu-era-una-de-interventie-ci-de-transport","status":"publish","type":"post","link":"https:\/\/www.giurgiuveanul.ro\/stiri\/ambulanta-care-l-a-transportat-pe-ekeng-la-spital-nu-era-una-de-interventie-ci-de-transport\/","title":{"rendered":"\u201eAmbulan\u0163a care l-a transportat pe Ekeng la spital nu era una de interven\u0163ie, ci de transport\u201d"},"content":{"rendered":"<p style=\"text-align: justify;\"><strong><a href=\"https:\/\/www.giurgiuveanul.ro\/stiri\/wp-content\/uploads\/2016\/05\/ekeng.jpg\"><img loading=\"lazy\" decoding=\"async\" class=\"aligncenter size-large wp-image-29520\" src=\"https:\/\/www.giurgiuveanul.ro\/stiri\/wp-content\/uploads\/2016\/05\/ekeng-560x252.jpg\" alt=\"ekeng\" width=\"560\" height=\"252\" srcset=\"https:\/\/www.giurgiuveanul.ro\/stiri\/wp-content\/uploads\/2016\/05\/ekeng-560x252.jpg 560w, https:\/\/www.giurgiuveanul.ro\/stiri\/wp-content\/uploads\/2016\/05\/ekeng-250x113.jpg 250w, https:\/\/www.giurgiuveanul.ro\/stiri\/wp-content\/uploads\/2016\/05\/ekeng-400x180.jpg 400w, https:\/\/www.giurgiuveanul.ro\/stiri\/wp-content\/uploads\/2016\/05\/ekeng.jpg 1000w\" sizes=\"auto, (max-width: 560px) 100vw, 560px\" \/><\/a>Fotbalistul lui Dinamo, Patrick Ekeng, 26 de ani, <!--more-->s-a pr\u0103bu\u015fit pe teren \u00een minutul 71 al meciului cu Viitorul. Ekeng a c\u0103zut la mijlocul terenului, f\u0103r\u0103 s\u0103 fie atins de nimeni. Camerunezul a fost transportat de urgen\u0163\u0103 la Spitalul Floreasca \u015fi a murit la scurt timp.<\/strong><\/p>\n<p style=\"text-align: justify;\">Ambulan\u0163a prezent\u0103 la stadionul Dinamo \u00een momentul \u00een care fotbalistul Patrick Ekeng s-a pr\u0103bu\u015fit pe teren, vineri seara, era una de transport, nu de interven\u0163ie, sus\u0163in surse medicale citate de Dolce Sport.<\/p>\n<p style=\"text-align: justify;\">Surse medicale din cadrul Spitalului de Urgen\u0163\u0103 Floreasca au afirmat c\u0103 ambulan\u0163a care l-a transportat la spital pe Ekeng nu era una de interventie, ci doar de transport \u015fi, implicit, nu era dotat\u0103 cu aparatura necesar\u0103 acord\u0103rii primului ajutor \u00een astfel de situa\u0163ii.<\/p>\n<p style=\"text-align: justify;\">Mai mult, faptul c\u0103 fotbalistul a ajuns la spital \u00een stop cardiorespirator f\u0103r\u0103 s\u0103 i se fi efectuat manevre de resuscitare a fost confirmat \u015fi de un reprezentant al Spitalului Floreasca \u00een momentul \u00een care a anun\u0163at oficial decesul lui Patrick Ekeng: <em>\u201eAm primit un pacient de 26 de ani care s-a pr\u0103bu\u015fit pe terenul de sport. A fost adus la noi cu o ambulan\u0163\u0103, f\u0103r\u0103 manevre de resuscitare din c\u00e2te \u015ftim. Manevrele au durat aproximativ o or\u0103 \u015fi 30 de minute \u015fi au r\u0103mas f\u0103r\u0103 rezultat, iar pacientul a decedat\u201d<\/em>.<\/p>\n","protected":false},"excerpt":{"rendered":"<p>Fotbalistul lui Dinamo, Patrick Ekeng, 26 de ani,<\/p>\n","protected":false},"author":2,"featured_media":0,"comment_status":"open","ping_status":"open","sticky":false,"template":"","format":"standard","meta":{"footnotes":""},"categories":[18],"tags":[],"class_list":["post-29519","post","type-post","status-publish","format-standard","hentry","category-tragedie"],"_links":{"self":[{"href":"https:\/\/www.giurgiuveanul.ro\/stiri\/wp-json\/wp\/v2\/posts\/29519","targetHints":{"allow":["GET"]}}],"collection":[{"href":"https:\/\/www.giurgiuveanul.ro\/stiri\/wp-json\/wp\/v2\/posts"}],"about":[{"href":"https:\/\/www.giurgiuveanul.ro\/stiri\/wp-json\/wp\/v2\/types\/post"}],"author":[{"embeddable":true,"href":"https:\/\/www.giurgiuveanul.ro\/stiri\/wp-json\/wp\/v2\/users\/2"}],"replies":[{"embeddable":true,"href":"https:\/\/www.giurgiuveanul.ro\/stiri\/wp-json\/wp\/v2\/comments?post=29519"}],"version-history":[{"count":0,"href":"https:\/\/www.giurgiuveanul.ro\/stiri\/wp-json\/wp\/v2\/posts\/29519\/revisions"}],"wp:attachment":[{"href":"https:\/\/www.giurgiuveanul.ro\/stiri\/wp-json\/wp\/v2\/media?parent=29519"}],"wp:term":[{"taxonomy":"category","embeddable":true,"href":"https:\/\/www.giurgiuveanul.ro\/stiri\/wp-json\/wp\/v2\/categories?post=29519"},{"taxonomy":"post_tag","embeddable":true,"href":"https:\/\/www.giurgiuveanul.ro\/stiri\/wp-json\/wp\/v2\/tags?post=29519"}],"curies":[{"name":"wp","href":"https:\/\/api.w.org\/{rel}","templated":true}]}}