{"id":29541,"date":"2016-05-08T14:25:29","date_gmt":"2016-05-08T11:25:29","guid":{"rendered":"https:\/\/www.giurgiuveanul.ro\/stiri\/?p=29541"},"modified":"2016-05-08T14:25:29","modified_gmt":"2016-05-08T11:25:29","slug":"copil-de-trei-ani-accidentat-in-zona-parcului-mihai-viteazu","status":"publish","type":"post","link":"https:\/\/www.giurgiuveanul.ro\/stiri\/copil-de-trei-ani-accidentat-in-zona-parcului-mihai-viteazu\/","title":{"rendered":"Copil de trei ani, accidentat \u00een zona Parcului Mihai Viteazu"},"content":{"rendered":"<p style=\"text-align: justify;\"><strong><a href=\"https:\/\/www.giurgiuveanul.ro\/stiri\/wp-content\/uploads\/2016\/05\/spitalul-judetean-giurgiu.jpg\"><img loading=\"lazy\" decoding=\"async\" class=\"aligncenter size-large wp-image-29542\" src=\"https:\/\/www.giurgiuveanul.ro\/stiri\/wp-content\/uploads\/2016\/05\/spitalul-judetean-giurgiu-560x358.jpg\" alt=\"spitalul judetean giurgiu\" width=\"560\" height=\"358\" srcset=\"https:\/\/www.giurgiuveanul.ro\/stiri\/wp-content\/uploads\/2016\/05\/spitalul-judetean-giurgiu-560x358.jpg 560w, https:\/\/www.giurgiuveanul.ro\/stiri\/wp-content\/uploads\/2016\/05\/spitalul-judetean-giurgiu-250x160.jpg 250w, https:\/\/www.giurgiuveanul.ro\/stiri\/wp-content\/uploads\/2016\/05\/spitalul-judetean-giurgiu-400x256.jpg 400w, https:\/\/www.giurgiuveanul.ro\/stiri\/wp-content\/uploads\/2016\/05\/spitalul-judetean-giurgiu.jpg 800w\" sizes=\"auto, (max-width: 560px) 100vw, 560px\" \/><\/a>Un copil de trei ani a fost lovit <!--more-->ieri de o ma\u015fin\u0103, dup\u0103 ce a fost l\u0103sat nesupravegheat de c\u0103tre p\u0103rin\u0163i. Accidentul rutier s-a produs \u00een jurul orei 17.10, \u00een dreptul Parcului Mihai Viteazu, din Giurgiu.<\/strong><\/p>\n<p style=\"text-align: justify;\">Un t\u00e2n\u0103r de 30 de ani, din Giurgiu, care conducea un Opel din direc\u0163ia str. Pui\u015for c\u0103tre Bd. Mihai Viteazu, ajung\u00e2nd \u00een dreptul parcului Mihai Viteazu, l-a lovit frontal cu ma\u015fina pe un minor de 3 ani, din Giurgiu. Copilul, l\u0103sat nesupravegheat, traversa strada prin loc nepermis \u015fi f\u0103r\u0103 s\u0103 se asigure. Minorul a fost transportat la spital de c\u0103tre p\u0103rin\u0163i, \u00eenso\u0163i\u0163i de \u015fofer, el fiind r\u0103nit u\u015for. \u00cen cauz\u0103 s-a deschis un dosar penal pentru v\u0103t\u0103mare corporal\u0103 din culp\u0103. \u015eoferul nu se afla sub influen\u0163a alcoolului.<\/p>\n","protected":false},"excerpt":{"rendered":"<p>Un copil de trei ani a fost lovit<\/p>\n","protected":false},"author":2,"featured_media":0,"comment_status":"open","ping_status":"open","sticky":false,"template":"","format":"standard","meta":{"footnotes":""},"categories":[8],"tags":[],"class_list":["post-29541","post","type-post","status-publish","format-standard","hentry","category-alert-news"],"_links":{"self":[{"href":"https:\/\/www.giurgiuveanul.ro\/stiri\/wp-json\/wp\/v2\/posts\/29541","targetHints":{"allow":["GET"]}}],"collection":[{"href":"https:\/\/www.giurgiuveanul.ro\/stiri\/wp-json\/wp\/v2\/posts"}],"about":[{"href":"https:\/\/www.giurgiuveanul.ro\/stiri\/wp-json\/wp\/v2\/types\/post"}],"author":[{"embeddable":true,"href":"https:\/\/www.giurgiuveanul.ro\/stiri\/wp-json\/wp\/v2\/users\/2"}],"replies":[{"embeddable":true,"href":"https:\/\/www.giurgiuveanul.ro\/stiri\/wp-json\/wp\/v2\/comments?post=29541"}],"version-history":[{"count":0,"href":"https:\/\/www.giurgiuveanul.ro\/stiri\/wp-json\/wp\/v2\/posts\/29541\/revisions"}],"wp:attachment":[{"href":"https:\/\/www.giurgiuveanul.ro\/stiri\/wp-json\/wp\/v2\/media?parent=29541"}],"wp:term":[{"taxonomy":"category","embeddable":true,"href":"https:\/\/www.giurgiuveanul.ro\/stiri\/wp-json\/wp\/v2\/categories?post=29541"},{"taxonomy":"post_tag","embeddable":true,"href":"https:\/\/www.giurgiuveanul.ro\/stiri\/wp-json\/wp\/v2\/tags?post=29541"}],"curies":[{"name":"wp","href":"https:\/\/api.w.org\/{rel}","templated":true}]}}