{"id":29565,"date":"2016-05-08T19:01:42","date_gmt":"2016-05-08T16:01:42","guid":{"rendered":"https:\/\/www.giurgiuveanul.ro\/stiri\/?p=29565"},"modified":"2016-05-08T19:01:42","modified_gmt":"2016-05-08T16:01:42","slug":"doua-tinere-din-giurgiu-s-au-rasturnat-cu-masina-pe-dn-5c","status":"publish","type":"post","link":"https:\/\/www.giurgiuveanul.ro\/stiri\/doua-tinere-din-giurgiu-s-au-rasturnat-cu-masina-pe-dn-5c\/","title":{"rendered":"Dou\u0103 tinere din Giurgiu s-au r\u0103sturnat cu ma\u015fina pe DN 5C"},"content":{"rendered":"<p style=\"text-align: justify;\"><strong><a href=\"https:\/\/www.giurgiuveanul.ro\/stiri\/wp-content\/uploads\/2016\/05\/13181005_1138943366136754_181993629_n.jpg\"><img loading=\"lazy\" decoding=\"async\" class=\"aligncenter size-large wp-image-29566\" src=\"https:\/\/www.giurgiuveanul.ro\/stiri\/wp-content\/uploads\/2016\/05\/13181005_1138943366136754_181993629_n-560x420.jpg\" alt=\"13181005_1138943366136754_181993629_n\" width=\"560\" height=\"420\" srcset=\"https:\/\/www.giurgiuveanul.ro\/stiri\/wp-content\/uploads\/2016\/05\/13181005_1138943366136754_181993629_n-560x420.jpg 560w, https:\/\/www.giurgiuveanul.ro\/stiri\/wp-content\/uploads\/2016\/05\/13181005_1138943366136754_181993629_n-250x187.jpg 250w, https:\/\/www.giurgiuveanul.ro\/stiri\/wp-content\/uploads\/2016\/05\/13181005_1138943366136754_181993629_n-400x300.jpg 400w, https:\/\/www.giurgiuveanul.ro\/stiri\/wp-content\/uploads\/2016\/05\/13181005_1138943366136754_181993629_n.jpg 854w\" sizes=\"auto, (max-width: 560px) 100vw, 560px\" \/><\/a>Dou\u0103 tinere din Giurgiu au <!--more-->sc\u0103pat ast\u0103zi, 8 mai 2016, tefere \u015fi nev\u0103t\u0103mate dup\u0103 ce ma\u015fina \u00een care se aflau s-a r\u0103sturnat pe un c\u00e2mp, pe DN 5C, \u00eentre Cet\u0103\u0163uia \u015fi Vedea.<\/strong><\/p>\n<p style=\"text-align: justify;\"><a href=\"https:\/\/www.giurgiuveanul.ro\/stiri\/wp-content\/uploads\/2016\/05\/13183125_1138943526136738_2035002181_n.jpg\"><img loading=\"lazy\" decoding=\"async\" class=\"aligncenter size-large wp-image-29567\" src=\"https:\/\/www.giurgiuveanul.ro\/stiri\/wp-content\/uploads\/2016\/05\/13183125_1138943526136738_2035002181_n-560x420.jpg\" alt=\"13183125_1138943526136738_2035002181_n\" width=\"560\" height=\"420\" srcset=\"https:\/\/www.giurgiuveanul.ro\/stiri\/wp-content\/uploads\/2016\/05\/13183125_1138943526136738_2035002181_n-560x420.jpg 560w, https:\/\/www.giurgiuveanul.ro\/stiri\/wp-content\/uploads\/2016\/05\/13183125_1138943526136738_2035002181_n-250x187.jpg 250w, https:\/\/www.giurgiuveanul.ro\/stiri\/wp-content\/uploads\/2016\/05\/13183125_1138943526136738_2035002181_n-400x300.jpg 400w, https:\/\/www.giurgiuveanul.ro\/stiri\/wp-content\/uploads\/2016\/05\/13183125_1138943526136738_2035002181_n.jpg 854w\" sizes=\"auto, (max-width: 560px) 100vw, 560px\" \/><\/a><\/p>\n<p style=\"text-align: justify;\">S-a \u00eent\u00e2mplat \u00een jurul orei 15.41, c\u00e2nd o t\u00e2n\u0103r\u0103 de 19 ani, din Giurgiu aflat\u0103 la volanul unui Opel Astra, nu a adaptat viteza la condi\u0163iile de drum, a p\u0103r\u0103sit partea carosabil\u0103, r\u0103sturn\u00e2ndu-se cu ma\u015fina pe c\u00e2mp. At\u00e2t \u015foferi\u0163a, c\u00e2t \u015fi o alt\u0103 t\u00e2n\u0103r\u0103 de 15 ani, din Giurgiu, pasager\u0103 \u00een autoturism, au sc\u0103pat cu via\u0163\u0103, nefiind nevoie s\u0103 fie transportate la spital cu ambulan\u0163a.<\/p>\n<p style=\"text-align: justify;\"><a href=\"https:\/\/www.giurgiuveanul.ro\/stiri\/wp-content\/uploads\/2016\/05\/13115387_1138943536136737_333831242_n.jpg\"><img loading=\"lazy\" decoding=\"async\" class=\"aligncenter size-large wp-image-29568\" src=\"https:\/\/www.giurgiuveanul.ro\/stiri\/wp-content\/uploads\/2016\/05\/13115387_1138943536136737_333831242_n-560x420.jpg\" alt=\"13115387_1138943536136737_333831242_n\" width=\"560\" height=\"420\" srcset=\"https:\/\/www.giurgiuveanul.ro\/stiri\/wp-content\/uploads\/2016\/05\/13115387_1138943536136737_333831242_n-560x420.jpg 560w, https:\/\/www.giurgiuveanul.ro\/stiri\/wp-content\/uploads\/2016\/05\/13115387_1138943536136737_333831242_n-250x187.jpg 250w, https:\/\/www.giurgiuveanul.ro\/stiri\/wp-content\/uploads\/2016\/05\/13115387_1138943536136737_333831242_n-400x300.jpg 400w, https:\/\/www.giurgiuveanul.ro\/stiri\/wp-content\/uploads\/2016\/05\/13115387_1138943536136737_333831242_n.jpg 854w\" sizes=\"auto, (max-width: 560px) 100vw, 560px\" \/><\/a><\/p>\n<p style=\"text-align: justify;\">\u015eoferi\u0163a va fi sanc\u0163ionat\u0103 de poli\u0163i\u015fti cu 750 de lei amend\u0103 pentru neadaptarea vitezei. Ma\u015fina cu care se deplasau cele dou\u0103 fete a suferit avarii serioase.<\/p>\n","protected":false},"excerpt":{"rendered":"<p>Dou\u0103 tinere din Giurgiu au<\/p>\n","protected":false},"author":2,"featured_media":0,"comment_status":"open","ping_status":"open","sticky":false,"template":"","format":"standard","meta":{"footnotes":""},"categories":[8],"tags":[],"class_list":["post-29565","post","type-post","status-publish","format-standard","hentry","category-alert-news"],"_links":{"self":[{"href":"https:\/\/www.giurgiuveanul.ro\/stiri\/wp-json\/wp\/v2\/posts\/29565","targetHints":{"allow":["GET"]}}],"collection":[{"href":"https:\/\/www.giurgiuveanul.ro\/stiri\/wp-json\/wp\/v2\/posts"}],"about":[{"href":"https:\/\/www.giurgiuveanul.ro\/stiri\/wp-json\/wp\/v2\/types\/post"}],"author":[{"embeddable":true,"href":"https:\/\/www.giurgiuveanul.ro\/stiri\/wp-json\/wp\/v2\/users\/2"}],"replies":[{"embeddable":true,"href":"https:\/\/www.giurgiuveanul.ro\/stiri\/wp-json\/wp\/v2\/comments?post=29565"}],"version-history":[{"count":0,"href":"https:\/\/www.giurgiuveanul.ro\/stiri\/wp-json\/wp\/v2\/posts\/29565\/revisions"}],"wp:attachment":[{"href":"https:\/\/www.giurgiuveanul.ro\/stiri\/wp-json\/wp\/v2\/media?parent=29565"}],"wp:term":[{"taxonomy":"category","embeddable":true,"href":"https:\/\/www.giurgiuveanul.ro\/stiri\/wp-json\/wp\/v2\/categories?post=29565"},{"taxonomy":"post_tag","embeddable":true,"href":"https:\/\/www.giurgiuveanul.ro\/stiri\/wp-json\/wp\/v2\/tags?post=29565"}],"curies":[{"name":"wp","href":"https:\/\/api.w.org\/{rel}","templated":true}]}}