{"id":31200,"date":"2016-07-07T09:57:35","date_gmt":"2016-07-07T06:57:35","guid":{"rendered":"https:\/\/www.giurgiuveanul.ro\/stiri\/?p=31200"},"modified":"2016-07-07T11:29:48","modified_gmt":"2016-07-07T08:29:48","slug":"mai-bine-tarcovnic-decat-analfabet-securist","status":"publish","type":"post","link":"https:\/\/www.giurgiuveanul.ro\/stiri\/mai-bine-tarcovnic-decat-analfabet-securist\/","title":{"rendered":"Mai bine \u0163\u00e2rcovnic dec\u00e2t analfabet securist&#8230;!"},"content":{"rendered":"<p style=\"text-align: justify;\"><a href=\"https:\/\/www.giurgiuveanul.ro\/stiri\/wp-content\/uploads\/2016\/07\/Biserica.jpg\"><img loading=\"lazy\" decoding=\"async\" class=\"aligncenter size-large wp-image-31201\" src=\"https:\/\/www.giurgiuveanul.ro\/stiri\/wp-content\/uploads\/2016\/07\/Biserica-560x373.jpg\" alt=\"ISRAEL-PALESTINIAN-RELIGION-EASTER\" width=\"560\" height=\"373\" srcset=\"https:\/\/www.giurgiuveanul.ro\/stiri\/wp-content\/uploads\/2016\/07\/Biserica-560x373.jpg 560w, https:\/\/www.giurgiuveanul.ro\/stiri\/wp-content\/uploads\/2016\/07\/Biserica-250x167.jpg 250w, https:\/\/www.giurgiuveanul.ro\/stiri\/wp-content\/uploads\/2016\/07\/Biserica-400x267.jpg 400w, https:\/\/www.giurgiuveanul.ro\/stiri\/wp-content\/uploads\/2016\/07\/Biserica.jpg 990w\" sizes=\"auto, (max-width: 560px) 100vw, 560px\" \/><\/a>Dup\u0103 c\u00e2teva ore de scremut, \u00een sf\u00e2r\u015fit, a reu\u015fit<!--more--> s\u0103-\u015fi a\u015ftearn\u0103 (on-line) frustrarea care \u00eel st\u0103p\u00e2ne\u015fte p\u00e2n\u0103 \u00een ultimul neuron. Se vede c\u00e2t h\u0103t&#8230; c\u00e2t de mult se \u201eoftic\u0103\u201d, prin tot ceea ce debiteaz\u0103, mai ceva\u00a0ca o femeie tr\u0103dat\u0103 de iubit.<\/p>\n<p style=\"text-align: justify;\">\u00cen opinia m\u00e2zg\u0103litorului de afi\u015fe cu lozinci comuniste, adev\u0103rata lui profesie, completat\u0103 la b\u0103tr\u00e2ne\u0163e cu o facultate f\u0103cut\u0103, din p\u0103cate, degeaba (pe bani) la \u201ef\u0103r\u0103 frecven\u0163\u0103\u201d, un c\u00e2nt\u0103re\u0163 la biseric\u0103 este un fel de paria al societ\u0103\u0163ii, mentalitate tipic comunisto-securist\u0103, Biserica \u015fi adep\u0163ii ei fiind aspru \u00eenfiera\u0163i \u00een vremurile apuse. Marele Constantin Br\u00e2ncu\u015fi a fost c\u00e2nt\u0103re\u0163 de biseric\u0103 \u015fi nu este singurul exemplu. Nu este un \u201ep\u0103cat\u201d s\u0103 c\u00e2n\u0163i la Biseric\u0103, este p\u0103cat s\u0103 \u00ee\u0163i \u201ec\u00e2n\u0163i\u201d vecinii, cunoscu\u0163ii, prietenii \u015fi\/sau rudele&#8230; la Securitate.<\/p>\n<p style=\"text-align: justify;\">Vom r\u0103sfoi cur\u00e2nd \u201earticolele\u201d (pe angajament de informator) ale \u201emarelui\u201d fla\u015fnetar de la Cinematograful Bucure\u015fti, cu cas\u0103 conspirativ\u0103 (apartament) pentru \u00eent\u00e2lnirile agen\u0163ilor sub acoperire ai Securit\u0103\u0163ii.<\/p>\n<p style=\"text-align: justify;\">Adev\u0103rata \u201evalen\u0163\u0103\u201d a acestei triste fe\u0163e palide\u00a0care pozeaz\u0103 \u00een (fals) intelectual, cu care s-a f\u0103cut cunoscut de-a lungul vie\u0163ii, este aceea de \u015fantajist.<\/p>\n<p style=\"text-align: justify;\">Nu am uitat \u015fi nu voi uita niciodat\u0103 \u201elec\u0163iile\u201d pe care mi le d\u0103dea despre cum s\u0103 amenin\u0163i un om, pentru a-l face s\u0103 \u201epl\u0103teasc\u0103\u201d, fapt\u0103 numit\u0103 juridic \u015fantaj. Parc\u0103 au fost la poli\u0163ie ni\u015fte pl\u00e2ngeri pe aceast\u0103 tem\u0103, nu? Comportament tipic pentru un \u201emedaliat\u201d cu aur, nu?<\/p>\n<p style=\"text-align: justify;\">Din fericire, nu am ales un astfel de \u201emodel\u201d \u00een via\u0163\u0103. Am plecat din acea latrin\u0103&#8230; f\u0103r\u0103 niciun fel de remu\u015fcare. \u00cen rest, ar putea s\u0103-l defineasc\u0103 foarte bine (\u015fi) to\u0163i cei care au fugit de acolo&#8230; Doar unul, Dumnezeu s\u0103-l odihneasc\u0103 \u00een pace!, nu mai poate, mai sunt destui, unii gata s\u0103 dema\u015fte aceast\u0103 javr\u0103 cu chip uman.<\/p>\n<p style=\"text-align: justify;\">De ce este \u201e\u00eenjurat\u201d, \u00een mod sistematic Episcopul Giurgiului? Pentru c\u0103 nu a \u201ecotizat\u201d, iar cei care stau \u00een spatele denigr\u0103rilor pl\u0103tesc sume \u201ebabane\u201d.<\/p>\n<p style=\"text-align: justify;\">Pe to\u0163i, analfabetul i-a b\u0103l\u0103c\u0103rit \u00een acela\u015fi mod specific caracterului s\u0103u infect. A sc\u0103pat cineva? R\u0103sfoim colec\u0163ia?<\/p>\n<p style=\"text-align: justify;\">Vorbe\u015fte de \u201edebaraua\u201d Nova Force, dar uit\u0103 c\u0103, o perioad\u0103 bun\u0103 de timp, venea \u015fi ridica de acolo c\u00e2teva sute de lei pe lun\u0103. C\u00e2nd nu i s-a mai dat paraua, a trecut la ceea ce \u015ftie el mai bine: \u00eempro\u015fcatul cu l\u0103turi. De aceea \u00eel \u00eenjur\u0103 tot timpul pe Floricel.<\/p>\n<p style=\"text-align: justify;\">Au p\u0103\u0163it-o mul\u0163i&#8230; de pild\u0103, c\u00e2nd nu i s-a mai dat ciorb\u0103 de burt\u0103 (n\u0103imitul scrie chiar \u015fi pe o ciorb\u0103 de burt\u0103, dar \u015fi pe pe\u015fte, carne de porc etc), l-a f\u0103cut praf pe patronul restaurantului.<\/p>\n<p style=\"text-align: justify;\">De\u015fi \u00eel invoc\u0103 pe Pruteanu, din p\u0103cate, comite \u00een continuare gre\u015feli gramaticale pe care le sesizeaz\u0103 p\u00e2n\u0103 \u015fi elevii de general\u0103.<\/p>\n<p style=\"text-align: justify;\">Dac\u0103 i-ar citi textele Pruteanu, cu siguran\u0163\u0103, s-ar r\u0103suci \u00een morm\u00e2nt&#8230;<\/p>\n<p style=\"text-align: justify;\">M\u0103 opresc aici spre a nu-i face publicitate anonimului analfabet cu nou\u0103 prieteni pe Facebook \u015fi niciunul \u00een via\u0163a real\u0103&#8230;<\/p>\n<p style=\"text-align: justify;\"><em>Vasile Arcanu<\/em><\/p>\n","protected":false},"excerpt":{"rendered":"<p>Dup\u0103 c\u00e2teva ore de scremut, \u00een sf\u00e2r\u015fit, a reu\u015fit<\/p>\n","protected":false},"author":2,"featured_media":0,"comment_status":"open","ping_status":"open","sticky":false,"template":"","format":"standard","meta":{"footnotes":""},"categories":[21],"tags":[],"class_list":["post-31200","post","type-post","status-publish","format-standard","hentry","category-opinia-mea"],"_links":{"self":[{"href":"https:\/\/www.giurgiuveanul.ro\/stiri\/wp-json\/wp\/v2\/posts\/31200","targetHints":{"allow":["GET"]}}],"collection":[{"href":"https:\/\/www.giurgiuveanul.ro\/stiri\/wp-json\/wp\/v2\/posts"}],"about":[{"href":"https:\/\/www.giurgiuveanul.ro\/stiri\/wp-json\/wp\/v2\/types\/post"}],"author":[{"embeddable":true,"href":"https:\/\/www.giurgiuveanul.ro\/stiri\/wp-json\/wp\/v2\/users\/2"}],"replies":[{"embeddable":true,"href":"https:\/\/www.giurgiuveanul.ro\/stiri\/wp-json\/wp\/v2\/comments?post=31200"}],"version-history":[{"count":0,"href":"https:\/\/www.giurgiuveanul.ro\/stiri\/wp-json\/wp\/v2\/posts\/31200\/revisions"}],"wp:attachment":[{"href":"https:\/\/www.giurgiuveanul.ro\/stiri\/wp-json\/wp\/v2\/media?parent=31200"}],"wp:term":[{"taxonomy":"category","embeddable":true,"href":"https:\/\/www.giurgiuveanul.ro\/stiri\/wp-json\/wp\/v2\/categories?post=31200"},{"taxonomy":"post_tag","embeddable":true,"href":"https:\/\/www.giurgiuveanul.ro\/stiri\/wp-json\/wp\/v2\/tags?post=31200"}],"curies":[{"name":"wp","href":"https:\/\/api.w.org\/{rel}","templated":true}]}}