{"id":31875,"date":"2016-07-30T10:00:48","date_gmt":"2016-07-30T07:00:48","guid":{"rendered":"https:\/\/www.giurgiuveanul.ro\/stiri\/?p=31875"},"modified":"2016-07-30T11:19:12","modified_gmt":"2016-07-30T08:19:12","slug":"giurgiuvean-gasit-mort-in-dormitor","status":"publish","type":"post","link":"https:\/\/www.giurgiuveanul.ro\/stiri\/giurgiuvean-gasit-mort-in-dormitor\/","title":{"rendered":"Giurgiuvean g\u0103sit mort \u00een dormitor"},"content":{"rendered":"<p style=\"text-align: justify;\"><strong><a href=\"https:\/\/www.giurgiuveanul.ro\/stiri\/wp-content\/uploads\/2016\/07\/barbat-mort-bacau-465x390.jpg\"><img loading=\"lazy\" decoding=\"async\" class=\"aligncenter size-large wp-image-31876\" src=\"https:\/\/www.giurgiuveanul.ro\/stiri\/wp-content\/uploads\/2016\/07\/barbat-mort-bacau-465x390-560x324.jpg\" alt=\"barbat-mort-bacau-465x390\" width=\"560\" height=\"324\" srcset=\"https:\/\/www.giurgiuveanul.ro\/stiri\/wp-content\/uploads\/2016\/07\/barbat-mort-bacau-465x390-560x324.jpg 560w, https:\/\/www.giurgiuveanul.ro\/stiri\/wp-content\/uploads\/2016\/07\/barbat-mort-bacau-465x390-250x145.jpg 250w, https:\/\/www.giurgiuveanul.ro\/stiri\/wp-content\/uploads\/2016\/07\/barbat-mort-bacau-465x390-400x231.jpg 400w, https:\/\/www.giurgiuveanul.ro\/stiri\/wp-content\/uploads\/2016\/07\/barbat-mort-bacau-465x390.jpg 605w\" sizes=\"auto, (max-width: 560px) 100vw, 560px\" \/><\/a>Un b\u0103rbat, de 66 de ani, din <!--more-->localitatea Vieru, comuna Putineiu, a fost g\u0103sit, recent, decedat, \u00een propria locuin\u0163\u0103.<\/strong><\/p>\n<p style=\"text-align: justify;\">\u00cengrijorat c\u0103 omul nu-i mai r\u0103spunde la telefon, un vecin de-al s\u0103u a mers \u00een vizit\u0103 la acesta. Din nefericire, l-a g\u0103sit mort \u00een dormitor.<\/p>\n<p style=\"text-align: justify;\">B\u0103rbatul care a f\u0103cut \u015focanta descoperire a alertat poli\u0163i\u015ftii.<\/p>\n<p style=\"text-align: justify;\">Potrivit purt\u0103torului de cuv\u00e2nt al IPJ Giurgiu, echipa operativ\u0103 care a venit la fa\u0163a locului nu a descoperit urme vizibile de violen\u0163\u0103 pe corpul b\u0103rbatului.<\/p>\n<p style=\"text-align: justify;\">Cadavrul a fost transportat la morga Spitalului Jude\u0163ean Giurgiu, pentru efectuarea necropsiei, \u00een urma c\u0103reia se va stabili \u015fi cauza decesului.<\/p>\n<p style=\"text-align: justify;\">\u00cen cauz\u0103, poli\u0163i\u015ftii au deschis un dosar penal \u00een care se fac cercet\u0103ri pentru moarte suspect\u0103.<\/p>\n","protected":false},"excerpt":{"rendered":"<p>Un b\u0103rbat, de 66 de ani, din<\/p>\n","protected":false},"author":2,"featured_media":0,"comment_status":"open","ping_status":"open","sticky":false,"template":"","format":"standard","meta":{"footnotes":""},"categories":[8],"tags":[],"class_list":["post-31875","post","type-post","status-publish","format-standard","hentry","category-alert-news"],"_links":{"self":[{"href":"https:\/\/www.giurgiuveanul.ro\/stiri\/wp-json\/wp\/v2\/posts\/31875","targetHints":{"allow":["GET"]}}],"collection":[{"href":"https:\/\/www.giurgiuveanul.ro\/stiri\/wp-json\/wp\/v2\/posts"}],"about":[{"href":"https:\/\/www.giurgiuveanul.ro\/stiri\/wp-json\/wp\/v2\/types\/post"}],"author":[{"embeddable":true,"href":"https:\/\/www.giurgiuveanul.ro\/stiri\/wp-json\/wp\/v2\/users\/2"}],"replies":[{"embeddable":true,"href":"https:\/\/www.giurgiuveanul.ro\/stiri\/wp-json\/wp\/v2\/comments?post=31875"}],"version-history":[{"count":0,"href":"https:\/\/www.giurgiuveanul.ro\/stiri\/wp-json\/wp\/v2\/posts\/31875\/revisions"}],"wp:attachment":[{"href":"https:\/\/www.giurgiuveanul.ro\/stiri\/wp-json\/wp\/v2\/media?parent=31875"}],"wp:term":[{"taxonomy":"category","embeddable":true,"href":"https:\/\/www.giurgiuveanul.ro\/stiri\/wp-json\/wp\/v2\/categories?post=31875"},{"taxonomy":"post_tag","embeddable":true,"href":"https:\/\/www.giurgiuveanul.ro\/stiri\/wp-json\/wp\/v2\/tags?post=31875"}],"curies":[{"name":"wp","href":"https:\/\/api.w.org\/{rel}","templated":true}]}}