{"id":33029,"date":"2016-09-11T15:12:47","date_gmt":"2016-09-11T12:12:47","guid":{"rendered":"https:\/\/www.giurgiuveanul.ro\/stiri\/?p=33029"},"modified":"2016-09-11T15:20:54","modified_gmt":"2016-09-11T12:20:54","slug":"nelinisti","status":"publish","type":"post","link":"https:\/\/www.giurgiuveanul.ro\/stiri\/nelinisti\/","title":{"rendered":"Nelini\u015fti&#8230;"},"content":{"rendered":"<p style=\"text-align: justify;\"><a href=\"https:\/\/www.giurgiuveanul.ro\/stiri\/wp-content\/uploads\/2016\/09\/platani.jpg\"><img loading=\"lazy\" decoding=\"async\" class=\"aligncenter size-large wp-image-33030\" src=\"https:\/\/www.giurgiuveanul.ro\/stiri\/wp-content\/uploads\/2016\/09\/platani-560x350.jpg\" alt=\"platani\" width=\"560\" height=\"350\" srcset=\"https:\/\/www.giurgiuveanul.ro\/stiri\/wp-content\/uploads\/2016\/09\/platani-560x350.jpg 560w, https:\/\/www.giurgiuveanul.ro\/stiri\/wp-content\/uploads\/2016\/09\/platani-250x156.jpg 250w, https:\/\/www.giurgiuveanul.ro\/stiri\/wp-content\/uploads\/2016\/09\/platani-400x250.jpg 400w, https:\/\/www.giurgiuveanul.ro\/stiri\/wp-content\/uploads\/2016\/09\/platani.jpg 864w\" sizes=\"auto, (max-width: 560px) 100vw, 560px\" \/><\/a>Scriam\u00a0 \u00een Giurgiuveanul din data de 18 martie 2014 urm\u0103toarele:<!--more--> <em>&#8211; Am aflat c\u0103 au fost reluate lucr\u0103rile de reabil<\/em><em>itare a Colegiului Na\u0163ional Ion<\/em><em>Maiorescu Giurgiu. Cum promo\u0163ia anului 1954, cu 11 clase, va avea \u00eent\u00e2lnirea prilejuit\u0103 de \u00eemplinirea a 60 de ani de la absolvire \u00een 4 septembrie 2014, sper\u0103m ca evenimentul s\u0103 se petreac\u0103 \u00een cl\u0103dire \u00eembr\u0103cat\u0103 \u00een hain\u0103 nou\u0103! \u00cen numele colegilor mei, multumesc tuturor celor care au \u00een\u0163eles c\u0103 cinstirea \u015fcolii este un lucru sf\u00e2nt \u015fi, cu c\u00e2t mai multe lucruri sfinte se vor petrece<\/em><em>, cu at\u00e2t mai luminat va fi drum<\/em><em>ul \u00een via\u0163\u0103 al copiilor no\u015ftri!<\/em><\/p>\n<p style=\"text-align: justify;\">\u00cen data de 3 septembrie 2016, revedere dup\u0103 62 de ani de la absolvire! \u00cen cl\u0103dire ar\u0103toas\u0103 cu s\u0103li de clas\u0103 \u00eembr\u0103cate \u015fi ele \u00een hain\u0103 de s\u0103rb\u0103toare . Pe 12 septembrie \u00eencep \u015fcolile! Eveniment!<\/p>\n<p style=\"text-align: justify;\">Prezen\u0163a la activitatea noastr\u0103 a distinselor profesoare,\u00a0 \u00een activitate, Elisabeta CIULACU \u015fi Dalia DECEA, a elevelor Denisa FLOREA, Ioana SOARE \u015fi Andreea VLADA,toate viitoare absolvente \u00een 2017, a p\u0103rintelui paroh de la Biserica Eroilor din Giurgiu, Sabin M\u00c2\u0162, cel care a transformat pentru c\u00e2teva clipe curtea liceului \u00eentr-un altar sf\u00e2nt al LIMBII ROM\u00c2NE, precum \u015fi a DOMNULUI profesor Ion DINC\u0102, fost director al liceului timp de peste 20 de ani, cel care ne-a asigurat c\u0103 totdeauna profesorii au \u015ftiut ce au de f\u0103cut, m-a determinat s\u0103 plec optimist.<\/p>\n<p style=\"text-align: justify;\">Am \u015fi plecat astfel, ob\u0163in\u00e2nd asigurarea colegilor c\u0103 ne vom revedea \u015fi\u00a0 anul viitor!<\/p>\n<p style=\"text-align: justify;\">\u015ei\u00a0 totu\u015fi &#8230;<\/p>\n<p style=\"text-align: justify;\">Dup\u0103 c\u00e2teva zile,entuziasmul\u00a0 meu de fost liceean al anilor 50.., din sceolul trecut \u00a0a fost spulberat de o \u015ftire auzit\u0103 la radio: La inscrierile pentru \u00eenv\u0103\u0163\u0103m\u00e2ntul superior pedagogic\u00a0 s-a manifestat un slab interes din partea tinerilor absolven\u0163i! \u015ei, printre facult\u0103\u0163ile la care au r\u0103mas locuri, era citat\u0103 \u015fi Facultatea de limba \u015fi literatura rom\u00e2n\u0103!<\/p>\n<p style=\"text-align: justify;\">M-am trezit rostind vestita expresie ciceronian\u0103: <em>&#8222;O tempora, o mores&#8221;<\/em> = Ce vremuri, ce moravuri!<\/p>\n<p style=\"text-align: justify;\">\u015ei au trecut 2000 de ani.<\/p>\n<p style=\"text-align: justify;\">Las cititorului satisfac\u0163ia de a ghici sensul pe care l-am dat expresiei. Din multele pe care le-a primit \u00een timp!<\/p>\n<p style=\"text-align: justify;\">Departe de a fi un&#8230;.. cimitir de fiare vechi, \u00ceNV\u0102\u0162\u0102M\u00c2NTUL este chiar fiin\u0163a noastr\u0103! Ceva se impune a fi f\u0103cut! \u015ei asta, c\u00e2t mai repede!<\/p>\n<p style=\"text-align: justify;\">Not\u0103: La \u00eent\u00e2lnirea de promo\u0163ie din data de 3 septembrie 2016, am inchegat un dialog \u00eentre genera\u0163ii. M\u0103 \u00eentreb? <em>\u2013Ce mesaj vor l\u0103sa absolven\u0163ii anului 2017 \u00een anul 2026, c\u00e2nd vor scoate num\u0103rul urm\u0103tor al publica\u0163iei anoTIMPURI? <\/em><\/p>\n<p style=\"text-align: justify;\"><em>Gh. CALOT\u0102, Br\u0103ila<\/em><\/p>\n","protected":false},"excerpt":{"rendered":"<p>Scriam\u00a0 \u00een Giurgiuveanul din data de 18 martie 2014 urm\u0103toarele:<\/p>\n","protected":false},"author":2,"featured_media":0,"comment_status":"open","ping_status":"open","sticky":false,"template":"","format":"standard","meta":{"footnotes":""},"categories":[21],"tags":[],"class_list":["post-33029","post","type-post","status-publish","format-standard","hentry","category-opinia-mea"],"_links":{"self":[{"href":"https:\/\/www.giurgiuveanul.ro\/stiri\/wp-json\/wp\/v2\/posts\/33029","targetHints":{"allow":["GET"]}}],"collection":[{"href":"https:\/\/www.giurgiuveanul.ro\/stiri\/wp-json\/wp\/v2\/posts"}],"about":[{"href":"https:\/\/www.giurgiuveanul.ro\/stiri\/wp-json\/wp\/v2\/types\/post"}],"author":[{"embeddable":true,"href":"https:\/\/www.giurgiuveanul.ro\/stiri\/wp-json\/wp\/v2\/users\/2"}],"replies":[{"embeddable":true,"href":"https:\/\/www.giurgiuveanul.ro\/stiri\/wp-json\/wp\/v2\/comments?post=33029"}],"version-history":[{"count":0,"href":"https:\/\/www.giurgiuveanul.ro\/stiri\/wp-json\/wp\/v2\/posts\/33029\/revisions"}],"wp:attachment":[{"href":"https:\/\/www.giurgiuveanul.ro\/stiri\/wp-json\/wp\/v2\/media?parent=33029"}],"wp:term":[{"taxonomy":"category","embeddable":true,"href":"https:\/\/www.giurgiuveanul.ro\/stiri\/wp-json\/wp\/v2\/categories?post=33029"},{"taxonomy":"post_tag","embeddable":true,"href":"https:\/\/www.giurgiuveanul.ro\/stiri\/wp-json\/wp\/v2\/tags?post=33029"}],"curies":[{"name":"wp","href":"https:\/\/api.w.org\/{rel}","templated":true}]}}