{"id":33099,"date":"2016-09-12T20:14:16","date_gmt":"2016-09-12T17:14:16","guid":{"rendered":"https:\/\/www.giurgiuveanul.ro\/stiri\/?p=33099"},"modified":"2016-09-12T20:14:16","modified_gmt":"2016-09-12T17:14:16","slug":"lauda-tinerilor-cu-trenul-la-vlad-tepes","status":"publish","type":"post","link":"https:\/\/www.giurgiuveanul.ro\/stiri\/lauda-tinerilor-cu-trenul-la-vlad-tepes\/","title":{"rendered":"LAUD\u0102 TINERILOR: Cu  trenul la\u2026 Vlad Tepe\u015f"},"content":{"rendered":"<p><a href=\"https:\/\/www.giurgiuveanul.ro\/stiri\/wp-content\/uploads\/2016\/09\/pod-gradistea.jpg\"><img loading=\"lazy\" decoding=\"async\" class=\"aligncenter size-large wp-image-33100\" src=\"https:\/\/www.giurgiuveanul.ro\/stiri\/wp-content\/uploads\/2016\/09\/pod-gradistea-560x289.jpg\" alt=\"podurile gradistea\" width=\"560\" height=\"289\" srcset=\"https:\/\/www.giurgiuveanul.ro\/stiri\/wp-content\/uploads\/2016\/09\/pod-gradistea-560x289.jpg 560w, https:\/\/www.giurgiuveanul.ro\/stiri\/wp-content\/uploads\/2016\/09\/pod-gradistea-250x129.jpg 250w, https:\/\/www.giurgiuveanul.ro\/stiri\/wp-content\/uploads\/2016\/09\/pod-gradistea-400x206.jpg 400w, https:\/\/www.giurgiuveanul.ro\/stiri\/wp-content\/uploads\/2016\/09\/pod-gradistea.jpg 772w\" sizes=\"auto, (max-width: 560px) 100vw, 560px\" \/><\/a>Pe data de 19 august 2016, cu un tren care pleac\u0103 \u00een jurul orei 10, din Br\u0103ila, am plecat spre\u2026.Bucure\u015fti! La Vlad \u0162epe\u015f <!--more-->nu se mai poate merge cu trenul! Podul de la Gr\u0103di\u015ftea a fost d\u0103r\u00e2mat de apele Neajlovului ajutate de m\u00e2ini criminale ale unit\u0103\u0163ilor de transport auto S-a aprobat escavare, inten\u0163ionat, \u00een amonte de pod, ceea ce a \u015fubrezit rezisten\u0163a podului \u00een fa\u0163a \u015fuvoaielor.<\/p>\n<p>Dac\u0103 de acas\u0103 p\u00e2n\u0103 la gar\u0103 ne-am descucat cu taxiul, cost\u0103\u00a0 7 lei, s\u0103 trag\u00ee in gar\u0103 de ni\u015fte geamantane preg\u0103tite da Doamna Calota ca si cum am fi plecat\u00a0 \u00eentr-o expedi\u0163ie la Polul Nord, nu mai era treab\u0103 de v\u00e2rsta noastr\u0103! Norocul a venit de la doi tineri! Studen\u0163i cred c\u0103 erau. V\u00e2z\u00e2ndu-ne cum tragem de geamantane, &#8230;:<em>Ne da\u0163i voie s\u0103 v\u0103 ajut\u00eem noi p\u00e2n\u0103 la peron?&#8230;<\/em>\u015ei au pus tinere\u015fte, b\u0103iatul pe geamantanul mare iar fata pe geamantanul mai mic, dar la fel de greu!, \u015fi ne-au f\u0103cut \u00eenso\u0163itori p\u00e2n\u0103 pe partea cealalt\u0103\u00a0 de peron.<\/p>\n<p><em>-V\u0103 mul\u0163umim<\/em>, am apucat s\u0103 zic, pentru c\u0103, v\u0103z\u00e2ndu-\u015fi cumin\u0163i de treab\u0103, tinerii au plecat z\u00e2mbindu-ne. <em>\u2013Ce ar mai trebui s\u0103 facem pentru a v\u0103 mul\u0163umi pe c\u00e2t merita\u0163i<\/em>, am mai apucat eu s\u0103 zic?? <em>&#8211; Nimic, este suficient at\u00e2t!<\/em><\/p>\n<p><em>\u00a0<\/em><\/p>\n<p>\u015ei c\u00e2te lucruri nu se spun de c\u0103tre unii la adresa &#8230;tinerilor de azi! M-am g\u00e2ndit mult la ceea\u00a0 ce ar trebui s\u0103 ai \u00een vedere\u00a0 c\u00e2nd faci o apreciere fals generalizatoare.<\/p>\n<p>&nbsp;<\/p>\n<p>\u00cen tren. Pentru a-mi \u00eent\u0103ri \u015fi mai mult convingerea, un alt t\u00e2n\u0103r, cu \u0163inut\u0103 atletic\u0103 \u015fi alura de rebel, \u00eemi cere voie s\u0103 m\u0103 ajute la ridicarea bagajelor pe\u00a0 etajerele special f\u0103cute. A plecat r\u00e2z\u00e2nd \u015fi \u015fi-a g\u0103sit de lucru cu o tablet\u0103, nu prea departe! Ca \u015fi cum ar fi \u015ftiut c\u0103, \u00een gar\u0103 la Bucure\u015fti, trebuie s\u0103 le \u015fi coboare!<\/p>\n<p>&#8211;<em>Mul\u0163umesc frumos<\/em> , i-am zis, iar pentru mine:-<em>Uite, ce tineri minuna\u0163i!<\/em> S\u0103 fi zis a\u015fa doar pentru c\u0103 m\u0103 ajutaser\u0103 pe mine?\u00a0 Nu, nu cred! A\u015f fi nedrept!<\/p>\n<p>&nbsp;<\/p>\n<p>\u00cen tren, \u00een vagon de standard european, \u00eent\u00e2mplarea face ca , \u00een fa\u0163a noastr\u0103, s\u0103 se a\u015feze &#8230;Victor \u015fi cu mama sa!<\/p>\n<p>Pentru a ni se p\u0103rea mai scurt\u0103 c\u0103l\u0103toria, am sim\u0163it c\u0103 \u015fi mama lui Victor g\u00e2ndea la fel, am intrat \u00een vorb\u0103 cu&#8230;Victor! &#8211;<em>C\u00e2\u0163i ani ai? Unde mergi? De unde vii?<\/em><\/p>\n<p>Copil foarte frumos, mamei \u00eei sem\u0103na, Victor atr\u0103gea aten\u0163ia printr-un accent aparte al vorbei care-l f\u0103cea \u015fi mai frumos!<\/p>\n<p>Era n\u0103scut \u00een Fran\u0163a, avea 10 ani\u015fori, vorbea cu o maturitate impresionant\u0103 \u015fi extrem de degajat! Dovada unei cre\u015fteri alese!<\/p>\n<p>M-am bucurat s\u0103 aud c\u0103\u00a0 bunicii sunt br\u0103ileni, c\u0103 studiaz\u0103 \u00een Fran\u0163a, evident \u00een limba francez\u0103, undeva l\u00e2ng\u0103 Paris, c\u0103&#8230;<em>\u00een cas\u0103 vorbim rom\u00e2ne\u015fte! &#8230;Nu-i a\u015fa ,Victora\u015f, <\/em>se adreseaz\u0103 mama cu bl\u00e2nde\u0163e copilului, m\u00e2ng\u00eeindu-l pe frunte.<\/p>\n<p><em>-Desigur c\u0103 \u00a0vorbim \u00een limba rom\u00e2n\u0103, dar nu trebuie a\u015fa?<\/em><\/p>\n<p>M-am convins c\u0103 b\u0103ie\u0163elul vorbea foarte corect rom\u00e2ne\u015fte, foarte mobil \u00een g\u00e2ndire, dovad\u0103 c\u0103 el g\u00e2ndea \u015fi \u00een rom\u00e2ne\u015fte!<\/p>\n<p><em>-\u015ei cum s\u0103 nu vorbim rom\u00e2ne\u015fte, c\u00e2nd venim la bunici, la Br\u0103ila \u015fi la Bucure\u015fti, cum o s\u0103 vorbim, <\/em>\u00a0mai zice mama, \u00eembr\u0103\u0163i\u015f\u00e2ndu-l cu discret\u0103 elegan\u0163\u0103<em>.<\/em><\/p>\n<p>&nbsp;<\/p>\n<p>\u00cen Gara de Nord, furnicar! Nu ne gr\u0103bim!A\u015fteptam s\u0103 vin\u0103 nepo\u0163ica, M\u0103d\u0103lina , s\u0103 ne ia cu ma\u015fina \u015fi s\u0103 ne duc\u0103 la Vlad \u0162epe\u015f. Cu trenu\u00a0 nu se mai poate merge!<\/p>\n<p>M-am tot g\u00e2ndit:-<em>Pe data de 31 august este Ziua Limbii Rom\u00e2n<\/em>e!<\/p>\n<p>Pe data de 3 septembrie urma s\u0103 m\u0103 \u00eent\u00e2lnesc cu colegii. 62 de ani de la absolvirea L<em>iceului Ion Maiorescu!<\/em><\/p>\n<p>Am avut at\u00e2tea a ne spune, \u00eenc\u00e2t nu s-a mai g\u0103sit timp s\u0103 relatez \u015fi eu cele \u00eent\u00e2lnite!<\/p>\n<p>Cu respect \u015fi admira\u0163ie pentru tineri de felul celor \u00eent\u00e2lni\u0163i, \u015fi nu doar \u00een tren, o fac aici!<\/p>\n<p><em>Gh. Calot\u0103<\/em><\/p>\n<p>&nbsp;<\/p>\n<p><strong>Not\u0103: \u00cen imagine, podul de la Gr\u0103di\u015ftea, Giurgiu,\u00a0 PROBLEM\u0102 r\u0103mas\u0103 nerezolvat\u0103 din anul 2005. Cu prilejul alegerilor parlamentare din toamn\u0103, ce promisiuni se vor mai face?<\/strong><\/p>\n","protected":false},"excerpt":{"rendered":"<p>Pe data de 19 august 2016, cu un tren care pleac\u0103 \u00een jurul orei 10, din Br\u0103ila, am plecat spre\u2026.Bucure\u015fti! La Vlad \u0162epe\u015f<\/p>\n","protected":false},"author":2,"featured_media":0,"comment_status":"open","ping_status":"open","sticky":false,"template":"","format":"standard","meta":{"footnotes":""},"categories":[21],"tags":[],"class_list":["post-33099","post","type-post","status-publish","format-standard","hentry","category-opinia-mea"],"_links":{"self":[{"href":"https:\/\/www.giurgiuveanul.ro\/stiri\/wp-json\/wp\/v2\/posts\/33099","targetHints":{"allow":["GET"]}}],"collection":[{"href":"https:\/\/www.giurgiuveanul.ro\/stiri\/wp-json\/wp\/v2\/posts"}],"about":[{"href":"https:\/\/www.giurgiuveanul.ro\/stiri\/wp-json\/wp\/v2\/types\/post"}],"author":[{"embeddable":true,"href":"https:\/\/www.giurgiuveanul.ro\/stiri\/wp-json\/wp\/v2\/users\/2"}],"replies":[{"embeddable":true,"href":"https:\/\/www.giurgiuveanul.ro\/stiri\/wp-json\/wp\/v2\/comments?post=33099"}],"version-history":[{"count":0,"href":"https:\/\/www.giurgiuveanul.ro\/stiri\/wp-json\/wp\/v2\/posts\/33099\/revisions"}],"wp:attachment":[{"href":"https:\/\/www.giurgiuveanul.ro\/stiri\/wp-json\/wp\/v2\/media?parent=33099"}],"wp:term":[{"taxonomy":"category","embeddable":true,"href":"https:\/\/www.giurgiuveanul.ro\/stiri\/wp-json\/wp\/v2\/categories?post=33099"},{"taxonomy":"post_tag","embeddable":true,"href":"https:\/\/www.giurgiuveanul.ro\/stiri\/wp-json\/wp\/v2\/tags?post=33099"}],"curies":[{"name":"wp","href":"https:\/\/api.w.org\/{rel}","templated":true}]}}