{"id":33257,"date":"2016-09-16T15:56:00","date_gmt":"2016-09-16T12:56:00","guid":{"rendered":"https:\/\/www.giurgiuveanul.ro\/stiri\/?p=33257"},"modified":"2016-09-16T16:02:00","modified_gmt":"2016-09-16T13:02:00","slug":"nelamuriri","status":"publish","type":"post","link":"https:\/\/www.giurgiuveanul.ro\/stiri\/nelamuriri\/","title":{"rendered":"NeL\u0102MURIRI"},"content":{"rendered":"<p style=\"text-align: justify;\"><a href=\"https:\/\/www.giurgiuveanul.ro\/stiri\/wp-content\/uploads\/2016\/09\/stejarul-de-la-Maiorescu.jpg\"><img loading=\"lazy\" decoding=\"async\" class=\"aligncenter size-large wp-image-33258\" src=\"https:\/\/www.giurgiuveanul.ro\/stiri\/wp-content\/uploads\/2016\/09\/stejarul-de-la-Maiorescu-329x450.jpg\" alt=\"stejarul-de-la-maiorescu\" width=\"329\" height=\"450\" srcset=\"https:\/\/www.giurgiuveanul.ro\/stiri\/wp-content\/uploads\/2016\/09\/stejarul-de-la-Maiorescu-329x450.jpg 329w, https:\/\/www.giurgiuveanul.ro\/stiri\/wp-content\/uploads\/2016\/09\/stejarul-de-la-Maiorescu-219x300.jpg 219w, https:\/\/www.giurgiuveanul.ro\/stiri\/wp-content\/uploads\/2016\/09\/stejarul-de-la-Maiorescu-400x547.jpg 400w, https:\/\/www.giurgiuveanul.ro\/stiri\/wp-content\/uploads\/2016\/09\/stejarul-de-la-Maiorescu.jpg 499w\" sizes=\"auto, (max-width: 329px) 100vw, 329px\" \/><\/a>Scriam \u00een Giurgiuveanul\u00a0 din 18 martie 2014 <!--more--><strong><em>Stejarul din fotografie era chiar \u00een mijlocul cur\u0163ii. Nimeni nu ne-a putut spune cine \u015fi c\u00e2nd l-a plantat. Era o zestre a cur\u0163ii. <\/em><\/strong>Era vorba de Liceul Ion Maiorescu Giurgiu.<\/p>\n<p style=\"text-align: justify;\">Un cititor al zarului, atent la detalii, \u015fi bine-a f\u0103cut,\u00a0 m-a corectat<strong><em>:- Stejarul de care eu vorbeam era , de fapt, frasin!.<\/em><\/strong><\/p>\n<p style=\"text-align: justify;\">Consecin\u0163\u0103 a discu\u0163iei iscate: \u00een toamna anului trecut, pe locul vechiului frasin \u2013 stejar?-, conducerea Colegiului Ion Maiorescu din Giurgiu a plantat un platan! Din cauze doar b\u0103nuuite, platanul s-a uscat.<\/p>\n<p style=\"text-align: justify;\">\u00cen 19 februarie 2016 elevii colegiului giurgiuvean au plantat un alt &#8230;\u00a0<strong>platan.<\/strong><\/p>\n<p style=\"text-align: justify;\">Pe data de 3 septembrie 2016, Promo\u0163ia 1954 cu 11 clase, \u00een festivitatea de\u00a0 transmitere a\u00a0 \u015ftefetei \u00a0unui dialog \u00eentre genera\u0163ii, a \u00eenscris \u00een program un moment : <em>O can\u0103 cu ap\u0103 la r\u0103d\u0103cina platanului. <\/em>\u00a0Unul dintre colegii de promo\u0163ie a \u015fi scris o <em>Od\u0103 platanului.<\/em><\/p>\n<p style=\"text-align: justify;\">Acela\u015fi coleg \u00eemi scrie:- <strong><em>Minunea minunilor cred c\u0103 o constituie faptul c\u0103 t\u00e2n\u0103rul, seme\u0163ul , umbrosul , coleg de genera\u0163ie, PLATAN, s-a constatat, este un t\u00e2n\u0103r, seme\u0163 etc etc \u015fi veritabil&#8230;AR\u0162AR.<\/em><\/strong><\/p>\n<p style=\"text-align: justify;\"><a href=\"https:\/\/www.giurgiuveanul.ro\/stiri\/wp-content\/uploads\/2016\/09\/IMG_2261.jpg\"><img loading=\"lazy\" decoding=\"async\" class=\"aligncenter size-large wp-image-33261\" src=\"https:\/\/www.giurgiuveanul.ro\/stiri\/wp-content\/uploads\/2016\/09\/IMG_2261-529x450.jpg\" alt=\"img_2261\" width=\"529\" height=\"450\" srcset=\"https:\/\/www.giurgiuveanul.ro\/stiri\/wp-content\/uploads\/2016\/09\/IMG_2261-529x450.jpg 529w, https:\/\/www.giurgiuveanul.ro\/stiri\/wp-content\/uploads\/2016\/09\/IMG_2261-250x213.jpg 250w, https:\/\/www.giurgiuveanul.ro\/stiri\/wp-content\/uploads\/2016\/09\/IMG_2261-400x340.jpg 400w, https:\/\/www.giurgiuveanul.ro\/stiri\/wp-content\/uploads\/2016\/09\/IMG_2261.jpg 800w\" sizes=\"auto, (max-width: 529px) 100vw, 529px\" \/><\/a><\/p>\n<p style=\"text-align: justify;\"><strong>Cei care au\u00a0 plantat AR\u0162ARUL \u2013 PLATANUL sunt ruga\u0163i s\u0103\u00a0 pun\u0103 pe tulpina pomului ce l-au s\u0103dit un \u00eenscris l\u0103muritor.<\/strong><\/p>\n<p style=\"text-align: justify;\">Am dori s\u0103 \u015ftim la ce pom vom pune \u00een toamna anului\u00a0 o can\u0103 cu ap\u0103. Nu de altceva, dar\u00a0 \u015fi stejarul, \u015fi frasinul, \u015fi platanul , \u015fi ar\u0163arul ne sunt la fel de dragi.<\/p>\n<p style=\"text-align: justify;\">Speciali\u015ftii \u00een silvoterapie pot face aprecieri dac\u0103 umbra de platan-ar\u0163ar poate fi vindec\u0103toare pentru elevii care chiulesc de la ore! Ar putea s\u0103 existe mai mare grij\u0103 de a nu se mai usca \u015fi acesta : platan sau ar\u0163ar!<\/p>\n<p style=\"text-align: justify;\"><em>Gh. Calot\u0103, Br\u0103ila<\/em><\/p>\n","protected":false},"excerpt":{"rendered":"<p>Scriam \u00een Giurgiuveanul\u00a0 din 18 martie 2014<\/p>\n","protected":false},"author":2,"featured_media":0,"comment_status":"open","ping_status":"open","sticky":false,"template":"","format":"standard","meta":{"footnotes":""},"categories":[21],"tags":[],"class_list":["post-33257","post","type-post","status-publish","format-standard","hentry","category-opinia-mea"],"_links":{"self":[{"href":"https:\/\/www.giurgiuveanul.ro\/stiri\/wp-json\/wp\/v2\/posts\/33257","targetHints":{"allow":["GET"]}}],"collection":[{"href":"https:\/\/www.giurgiuveanul.ro\/stiri\/wp-json\/wp\/v2\/posts"}],"about":[{"href":"https:\/\/www.giurgiuveanul.ro\/stiri\/wp-json\/wp\/v2\/types\/post"}],"author":[{"embeddable":true,"href":"https:\/\/www.giurgiuveanul.ro\/stiri\/wp-json\/wp\/v2\/users\/2"}],"replies":[{"embeddable":true,"href":"https:\/\/www.giurgiuveanul.ro\/stiri\/wp-json\/wp\/v2\/comments?post=33257"}],"version-history":[{"count":0,"href":"https:\/\/www.giurgiuveanul.ro\/stiri\/wp-json\/wp\/v2\/posts\/33257\/revisions"}],"wp:attachment":[{"href":"https:\/\/www.giurgiuveanul.ro\/stiri\/wp-json\/wp\/v2\/media?parent=33257"}],"wp:term":[{"taxonomy":"category","embeddable":true,"href":"https:\/\/www.giurgiuveanul.ro\/stiri\/wp-json\/wp\/v2\/categories?post=33257"},{"taxonomy":"post_tag","embeddable":true,"href":"https:\/\/www.giurgiuveanul.ro\/stiri\/wp-json\/wp\/v2\/tags?post=33257"}],"curies":[{"name":"wp","href":"https:\/\/api.w.org\/{rel}","templated":true}]}}