{"id":35313,"date":"2016-11-16T16:55:22","date_gmt":"2016-11-16T14:55:22","guid":{"rendered":"https:\/\/www.giurgiuveanul.ro\/stiri\/?p=35313"},"modified":"2016-11-16T16:55:22","modified_gmt":"2016-11-16T14:55:22","slug":"pentru-ca","status":"publish","type":"post","link":"https:\/\/www.giurgiuveanul.ro\/stiri\/pentru-ca\/","title":{"rendered":"Pentru c\u0103"},"content":{"rendered":"<p style=\"text-align: justify;\"><a href=\"https:\/\/www.giurgiuveanul.ro\/stiri\/wp-content\/uploads\/2016\/11\/poetul-grigore-filip.jpg\"><img loading=\"lazy\" decoding=\"async\" class=\"aligncenter size-large wp-image-35314\" src=\"https:\/\/www.giurgiuveanul.ro\/stiri\/wp-content\/uploads\/2016\/11\/poetul-grigore-filip-560x350.jpg\" alt=\"poetul-grigore-filip\" width=\"560\" height=\"350\" srcset=\"https:\/\/www.giurgiuveanul.ro\/stiri\/wp-content\/uploads\/2016\/11\/poetul-grigore-filip-560x350.jpg 560w, https:\/\/www.giurgiuveanul.ro\/stiri\/wp-content\/uploads\/2016\/11\/poetul-grigore-filip-250x156.jpg 250w, https:\/\/www.giurgiuveanul.ro\/stiri\/wp-content\/uploads\/2016\/11\/poetul-grigore-filip-400x250.jpg 400w, https:\/\/www.giurgiuveanul.ro\/stiri\/wp-content\/uploads\/2016\/11\/poetul-grigore-filip.jpg 864w\" sizes=\"auto, (max-width: 560px) 100vw, 560px\" \/><\/a>autorul ne spune:\u00a0 \u2026 <em>face\u0163i cu poemul care ce dori\u0163i&#8230;,<!--more--> poet total George FILIP \u2013 Montreal<\/em>,<\/p>\n<p style=\"text-align: justify;\">pentru c\u0103<\/p>\n<p style=\"text-align: justify;\">au avut loc alegeri \u00een Moldova de peste Prut\u2026,<\/p>\n<p style=\"text-align: justify;\">pentru c\u0103<\/p>\n<p style=\"text-align: justify;\">Eminescu ne spune c\u0103 <em>Basarabia este misiunea noastr\u0103 istoric\u0103,<\/em><\/p>\n<p style=\"text-align: justify;\">pentru c\u0103<\/p>\n<p style=\"text-align: justify;\">istoria se face \u015fi prin noi, \u015fI tot istoria ne-a \u00eenv\u0103\u0163at s\u0103 fim r\u0103bd\u0103tori, iar Testamentul\u00a0 lui \u015etefan :- <em>Tine\u0163i minte cuvintele lui \u015etefan, care v-a fost baci p\u00e2n\u0103 la ad\u00e2nci b\u0103tr\u00e2ne\u0163e\u2026 c\u0103 Moldova n-a fost a str\u0103mo\u015filor mei, n-a fost a mea \u015fi nu e a voastr\u0103, ci a urma\u015filor vo\u015ftri \u015f-a urma\u015filor urma\u015filor vo\u015ftri \u00een veacul vecilor<\/em><em> \u00a0<\/em>trebuie reamintit copiilor \u015fi nepo\u0163ilor no\u015ftri,<\/p>\n<p style=\"text-align: justify;\">pentru c\u0103<\/p>\n<p style=\"text-align: justify;\">giurgiuvenii\u00a0 sunt oamenii c\u0103rora le dator\u0103m\u2026<\/p>\n<p style=\"text-align: justify;\">pentru c\u0103<\/p>\n<p style=\"text-align: justify;\">GIURGIUVEANUL\u00a0 are prestigiul \u015fi voca\u0163ia unor asemenea\u00a0 pagini memorabile<\/p>\n<p style=\"text-align: justify;\">\n<p style=\"text-align: center;\"><em>Profesor Gheorghe CALOT\u0102, <\/em><\/p>\n<p style=\"text-align: center;\"><em>\u00a0Br\u0103ila, <\/em><\/p>\n<p style=\"text-align: center;\"><em>12 noiembrie 2016<\/em><\/p>\n<p style=\"text-align: center;\">***<\/p>\n<p style=\"text-align: justify;\">\n<p style=\"text-align: justify;\">\n<p style=\"text-align: center;\">George FILIP<\/p>\n<p style=\"text-align: center;\"><strong>DOR\u00a0 DE\u00a0 BASARABIA<\/strong><\/p>\n<p style=\"text-align: justify;\">\n<p style=\"text-align: center;\">mi-e dor de-o iarn\u0103 grea, cu ger \u015fi vifor,<\/p>\n<p style=\"text-align: center;\">cu s\u0103nii suple ce str\u0103bat Moldova,<\/p>\n<p style=\"text-align: center;\">s\u0103-mi fac\u0103 noi ciubote mo\u015f-Nichifor<\/p>\n<p style=\"text-align: center;\">Co\u0163carul&#8230; ce-a-nv\u00e2rtit \u00een limb\u0103 slova.<\/p>\n<p style=\"text-align: center;\">\n<p style=\"text-align: center;\">mi-e dor de-un pod de flori \u00eentins pe Nistru,<\/p>\n<p style=\"text-align: center;\">lucrat de pruncul LABI\u015e \u015fi VIERU,<\/p>\n<p style=\"text-align: center;\">s\u0103 evad\u0103m din secolul sinistru<\/p>\n<p style=\"text-align: center;\">ce ne-a furat din glie\u00a0 &#8211;\u00a0 giuvaerul.<\/p>\n<p style=\"text-align: center;\">\n<p style=\"text-align: center;\">mi-e dor de-o nunt\u0103 larg\u0103 c\u00e2t e \u0162ara,<\/p>\n<p style=\"text-align: center;\">c\u00e2t plaiul sf\u00e2nt &#8211; scobor\u00e2tor din datini,<\/p>\n<p style=\"text-align: center;\">datini \u00een care s-a pr\u0103sit ocara<\/p>\n<p style=\"text-align: center;\">cu-njur\u0103turi rusnace \u015fi cu patimi.<\/p>\n<p style=\"text-align: center;\">\n<p style=\"text-align: center;\">mi-e dor de-un tricolor s\u0103 dea din aripi<\/p>\n<p style=\"text-align: center;\">peste bugeacuri de aceea\u015fi ras\u0103<\/p>\n<p style=\"text-align: center;\">\u015fi de colind\u0103tori, ce printre lacrimi<\/p>\n<p style=\"text-align: center;\">s\u0103-\u015fi cheme fra\u0163ii r\u0103t\u0103ci\u0163i &#8211; acas\u0103.<\/p>\n<p style=\"text-align: center;\">\n<p style=\"text-align: center;\">s\u0103 fie prim\u0103var\u0103 peste lume.<\/p>\n<p style=\"text-align: center;\">s\u0103 fac\u0103 Dumnezeul o minune,<\/p>\n<p style=\"text-align: center;\">s\u0103 nu-\u015fi mai pl\u00e2ng\u0103 Nistru doru-n spume,<\/p>\n<p style=\"text-align: center;\">mi-e dor&#8230; cum EMINESCU \u015ftie-a spune&#8230;<\/p>\n<p style=\"text-align: center;\">\n<p style=\"text-align: center;\">\u00a0\u00a0\u00a0\u00a0\u00a0\u00a0\u00a0\u00a0\u00a0\u00a0<em>noiembrie, 2016,<\/em><\/p>\n<p style=\"text-align: center;\"><em>\u00a0 \u00a0 \u00a0 \u00a0 \u00a0 \u00a0 \u00a0la Montreal.<\/em><\/p>\n","protected":false},"excerpt":{"rendered":"<p>autorul ne spune:\u00a0 \u2026 face\u0163i cu poemul care ce dori\u0163i&#8230;,<\/p>\n","protected":false},"author":2,"featured_media":0,"comment_status":"open","ping_status":"open","sticky":false,"template":"","format":"standard","meta":{"footnotes":""},"categories":[21],"tags":[],"class_list":["post-35313","post","type-post","status-publish","format-standard","hentry","category-opinia-mea"],"_links":{"self":[{"href":"https:\/\/www.giurgiuveanul.ro\/stiri\/wp-json\/wp\/v2\/posts\/35313","targetHints":{"allow":["GET"]}}],"collection":[{"href":"https:\/\/www.giurgiuveanul.ro\/stiri\/wp-json\/wp\/v2\/posts"}],"about":[{"href":"https:\/\/www.giurgiuveanul.ro\/stiri\/wp-json\/wp\/v2\/types\/post"}],"author":[{"embeddable":true,"href":"https:\/\/www.giurgiuveanul.ro\/stiri\/wp-json\/wp\/v2\/users\/2"}],"replies":[{"embeddable":true,"href":"https:\/\/www.giurgiuveanul.ro\/stiri\/wp-json\/wp\/v2\/comments?post=35313"}],"version-history":[{"count":0,"href":"https:\/\/www.giurgiuveanul.ro\/stiri\/wp-json\/wp\/v2\/posts\/35313\/revisions"}],"wp:attachment":[{"href":"https:\/\/www.giurgiuveanul.ro\/stiri\/wp-json\/wp\/v2\/media?parent=35313"}],"wp:term":[{"taxonomy":"category","embeddable":true,"href":"https:\/\/www.giurgiuveanul.ro\/stiri\/wp-json\/wp\/v2\/categories?post=35313"},{"taxonomy":"post_tag","embeddable":true,"href":"https:\/\/www.giurgiuveanul.ro\/stiri\/wp-json\/wp\/v2\/tags?post=35313"}],"curies":[{"name":"wp","href":"https:\/\/api.w.org\/{rel}","templated":true}]}}