{"id":35388,"date":"2016-11-19T09:43:30","date_gmt":"2016-11-19T07:43:30","guid":{"rendered":"https:\/\/www.giurgiuveanul.ro\/stiri\/?p=35388"},"modified":"2016-11-19T09:43:30","modified_gmt":"2016-11-19T07:43:30","slug":"campanie-fara-culoare-ce-partide-mai-au-electorat-fidelizat","status":"publish","type":"post","link":"https:\/\/www.giurgiuveanul.ro\/stiri\/campanie-fara-culoare-ce-partide-mai-au-electorat-fidelizat\/","title":{"rendered":"O campanie f\u0103r\u0103 culoare. Ce partide mai au un electorat fidelizat"},"content":{"rendered":"<p style=\"text-align: justify;\"><a href=\"https:\/\/www.giurgiuveanul.ro\/stiri\/wp-content\/uploads\/2016\/11\/campania-electorala-e1462004934979.jpg\"><img loading=\"lazy\" decoding=\"async\" class=\"size-large wp-image-35389 aligncenter\" src=\"https:\/\/www.giurgiuveanul.ro\/stiri\/wp-content\/uploads\/2016\/11\/campania-electorala-e1462004934979-560x334.jpg\" alt=\"campania-electorala-e1462004934979\" width=\"560\" height=\"334\" srcset=\"https:\/\/www.giurgiuveanul.ro\/stiri\/wp-content\/uploads\/2016\/11\/campania-electorala-e1462004934979-560x334.jpg 560w, https:\/\/www.giurgiuveanul.ro\/stiri\/wp-content\/uploads\/2016\/11\/campania-electorala-e1462004934979-250x149.jpg 250w, https:\/\/www.giurgiuveanul.ro\/stiri\/wp-content\/uploads\/2016\/11\/campania-electorala-e1462004934979-400x239.jpg 400w, https:\/\/www.giurgiuveanul.ro\/stiri\/wp-content\/uploads\/2016\/11\/campania-electorala-e1462004934979.jpg 640w\" sizes=\"auto, (max-width: 560px) 100vw, 560px\" \/><\/a><\/p>\n<p style=\"text-align: justify;\">A \u00eenceput campania electoral\u0103, iar dup\u0103 primele zile putem spune c\u0103<!--more--> aveam o campanie lipsit\u0103 de culoare. Oamenii a\u0219teapt\u0103 mai mult. Practic, partidele sunt timorate. Nu mai au idee ce au voie \u015fi ce nu au voie s\u0103 spun\u0103. Se pare c\u0103 lupta anti-corup\u021bie \u0219i-a pus amprenta pe comportamentul liderilor politici. Ad\u0103ug\u0103m la asta \u015fi interzicerea afi\u0219ajului \u015fi avem tabloul perfect al celei mai lipsite de culoare campanii electorale.<\/p>\n<p style=\"text-align: justify;\">Noroc c\u0103 unele partide au \u00eentr-o propor\u0163ie nu foarte greu de apreciat un electorat fidelizat sut\u0103 la sut\u0103. Acest electorat este cel care \u00eenclin\u0103 balan\u0163a \u00eentr-o parte sau alta.<\/p>\n<p style=\"text-align: justify;\">Primul este PSD, care are o mas\u0103 de votan\u0163i \u00een jurul c\u0103reia se formeaz\u0103 bulg\u0103rele de z\u0103pad\u0103 care trimite partidul pe prima treapt\u0103 a topurilor din campanie. Problema este dup\u0103 alegeri, c\u00e2nd se formeaz\u0103 majorit\u0103\u0163ile, pentru c\u0103, de multe ori, PSD a r\u0103mas \u00een opozi\u0163ie. Asta, de\u015fi avea cel mai mare grup parlamentar. Punctul slab este cel al negocierilor. \u00cens\u0103, PSD are parte de cel mai masiv bazin electoral.<\/p>\n<p style=\"text-align: justify;\">PNL a pierdut o parte din electorat. Dup\u0103 fuziunea PDL cu PNL, au fost bulversate bazinele electorale ale ambelor partide. Din fiecare s-a desprins o frac\u0163iune. A\u015fa se face c\u0103 ALDE \u015fi PMP vor racola tocmai o parte din electoratul fidelizat.<\/p>\n<p style=\"text-align: justify;\">Mai mult, dac\u0103 electoratul PNL este unul preten\u0163ios \u015fi sanc\u0163ioneaz\u0103 fiecare gre\u015feal\u0103, electoratul PSD trece cu vederea toate gre\u015felile.<\/p>\n<p style=\"text-align: justify;\">\u00cen ultimii ani, clasa politic\u0103 a fost \u00een continu\u0103 schimbare. Au fost elimina\u0163i mul\u0163i politicieni, considera\u0163i v\u00e2rfurile corup\u021biei generalizate.<\/p>\n<p style=\"text-align: justify;\">\u00cen sondaje, PSD continu\u0103 s\u0103 conduc\u0103, PNL stagneaz\u0103 sau pierde. A\u015fa se face c\u0103 prima s\u0103pt\u0103m\u00e2n\u0103 de campanie a fost lipsit\u0103 de culoare. Nici\u00a0\u00a0 dur\u0103 \u015fi nici murdar\u0103 nu mai e, ci doar f\u0103r\u0103 vlag\u0103.<\/p>\n<p style=\"text-align: justify;\">Ceea ce mai important este c\u0103 partidele vor trebui s\u0103 \u00eenve\u021be c\u0103 porcul nu se \u00eengra\u0219\u0103 \u00een ajunul Cr\u0103ciunului. Vor trebui s\u0103 fie aproape de oameni tot timpul dintre alegeri, nu doar \u00een perioadele de campanie electoral\u0103. Mai mult, lipsa de notorietate a candida\u021bilor este un obstacol \u00eentre electorat \u0219i partide iar acest impediment trebuie dep\u0103\u0219it \u00een acest timp scurt.<\/p>\n<p style=\"text-align: justify;\">Oamenii nu mai cred \u00een mofturi electorale, ci vor ca politicienii s\u0103 le reprezinte cu adev\u0103rat interesele, \u015fi s\u0103 nu mai mimeze acest lucru doar \u00een campaniile electorale.<\/p>\n<p style=\"text-align: justify;\">\n<p style=\"text-align: justify;\"><em>Marcela Petcu<\/em><\/p>\n","protected":false},"excerpt":{"rendered":"<p>A \u00eenceput campania electoral\u0103, iar dup\u0103 primele zile putem spune c\u0103<\/p>\n","protected":false},"author":2,"featured_media":0,"comment_status":"open","ping_status":"open","sticky":false,"template":"","format":"standard","meta":{"footnotes":""},"categories":[21],"tags":[],"class_list":["post-35388","post","type-post","status-publish","format-standard","hentry","category-opinia-mea"],"_links":{"self":[{"href":"https:\/\/www.giurgiuveanul.ro\/stiri\/wp-json\/wp\/v2\/posts\/35388","targetHints":{"allow":["GET"]}}],"collection":[{"href":"https:\/\/www.giurgiuveanul.ro\/stiri\/wp-json\/wp\/v2\/posts"}],"about":[{"href":"https:\/\/www.giurgiuveanul.ro\/stiri\/wp-json\/wp\/v2\/types\/post"}],"author":[{"embeddable":true,"href":"https:\/\/www.giurgiuveanul.ro\/stiri\/wp-json\/wp\/v2\/users\/2"}],"replies":[{"embeddable":true,"href":"https:\/\/www.giurgiuveanul.ro\/stiri\/wp-json\/wp\/v2\/comments?post=35388"}],"version-history":[{"count":0,"href":"https:\/\/www.giurgiuveanul.ro\/stiri\/wp-json\/wp\/v2\/posts\/35388\/revisions"}],"wp:attachment":[{"href":"https:\/\/www.giurgiuveanul.ro\/stiri\/wp-json\/wp\/v2\/media?parent=35388"}],"wp:term":[{"taxonomy":"category","embeddable":true,"href":"https:\/\/www.giurgiuveanul.ro\/stiri\/wp-json\/wp\/v2\/categories?post=35388"},{"taxonomy":"post_tag","embeddable":true,"href":"https:\/\/www.giurgiuveanul.ro\/stiri\/wp-json\/wp\/v2\/tags?post=35388"}],"curies":[{"name":"wp","href":"https:\/\/api.w.org\/{rel}","templated":true}]}}