{"id":35488,"date":"2016-11-23T09:05:40","date_gmt":"2016-11-23T07:05:40","guid":{"rendered":"https:\/\/www.giurgiuveanul.ro\/stiri\/?p=35488"},"modified":"2016-11-23T09:05:40","modified_gmt":"2016-11-23T07:05:40","slug":"directorul-bibliotecii-judetene-giurgiu-implineste-astazi-65-de-ani-la-multi-ani-maestre-dan-mucenic","status":"publish","type":"post","link":"https:\/\/www.giurgiuveanul.ro\/stiri\/directorul-bibliotecii-judetene-giurgiu-implineste-astazi-65-de-ani-la-multi-ani-maestre-dan-mucenic\/","title":{"rendered":"Directorul Bibliotecii Jude\u0163ene Giurgiu \u00eempline\u015fte ast\u0103zi 65 de ani. La Mul\u0163i Ani, Maestre Dan Mucenic!"},"content":{"rendered":"<p style=\"text-align: justify;\"><a href=\"https:\/\/www.giurgiuveanul.ro\/stiri\/wp-content\/uploads\/2016\/11\/Mucenic-Dan-foto.jpg\"><img loading=\"lazy\" decoding=\"async\" class=\"aligncenter size-large wp-image-35489\" src=\"https:\/\/www.giurgiuveanul.ro\/stiri\/wp-content\/uploads\/2016\/11\/Mucenic-Dan-foto-560x325.jpg\" alt=\"mucenic-dan-foto\" width=\"560\" height=\"325\" srcset=\"https:\/\/www.giurgiuveanul.ro\/stiri\/wp-content\/uploads\/2016\/11\/Mucenic-Dan-foto-560x325.jpg 560w, https:\/\/www.giurgiuveanul.ro\/stiri\/wp-content\/uploads\/2016\/11\/Mucenic-Dan-foto-250x145.jpg 250w, https:\/\/www.giurgiuveanul.ro\/stiri\/wp-content\/uploads\/2016\/11\/Mucenic-Dan-foto-400x232.jpg 400w, https:\/\/www.giurgiuveanul.ro\/stiri\/wp-content\/uploads\/2016\/11\/Mucenic-Dan-foto.jpg 800w\" sizes=\"auto, (max-width: 560px) 100vw, 560px\" \/><\/a>Este unul dintre cei mai <!--more-->cunoscu\u021bi, aprecia\u021bi \u015fi talenta\u0163i scriitori giurgiuveni, publicist, fost profesor de limba \u015fi literatur\u0103 la Liceul \u201eTudor Vianu\u201d \u0219i , de ani buni, director al Bibliotecii Jude\u0163ene \u201eI. A. Bassarabescu\u201d.<\/p>\n<p style=\"text-align: justify;\">Cu aceast\u0103 ocazie, cotidianul \u201eGiurgiuveanul\u201d are bucuria s\u0103 ureze Maestrului Dan Mucenic, cel al c\u0103rui destin este legat intrinsec de numele \u015fi istoria ora\u015fului Giurgiu, un c\u0103lduros \u201cLa Mul\u0163i Ani\u201d \u015fi s\u0103-l asigure de respectul \u015fi recuno\u015ftin\u0163a tuturor giurgiuvenilor pentru faptul c\u0103, decenii la r\u00e2nd, ne duce faima peste tot, prin crea\u0163ia \u015fi activitatea sa!<\/p>\n<p>&nbsp;<\/p>\n","protected":false},"excerpt":{"rendered":"<p>Este unul dintre cei mai<\/p>\n","protected":false},"author":2,"featured_media":0,"comment_status":"open","ping_status":"open","sticky":false,"template":"","format":"standard","meta":{"footnotes":""},"categories":[16],"tags":[],"class_list":["post-35488","post","type-post","status-publish","format-standard","hentry","category-astazi-e-ziua-ta"],"_links":{"self":[{"href":"https:\/\/www.giurgiuveanul.ro\/stiri\/wp-json\/wp\/v2\/posts\/35488","targetHints":{"allow":["GET"]}}],"collection":[{"href":"https:\/\/www.giurgiuveanul.ro\/stiri\/wp-json\/wp\/v2\/posts"}],"about":[{"href":"https:\/\/www.giurgiuveanul.ro\/stiri\/wp-json\/wp\/v2\/types\/post"}],"author":[{"embeddable":true,"href":"https:\/\/www.giurgiuveanul.ro\/stiri\/wp-json\/wp\/v2\/users\/2"}],"replies":[{"embeddable":true,"href":"https:\/\/www.giurgiuveanul.ro\/stiri\/wp-json\/wp\/v2\/comments?post=35488"}],"version-history":[{"count":0,"href":"https:\/\/www.giurgiuveanul.ro\/stiri\/wp-json\/wp\/v2\/posts\/35488\/revisions"}],"wp:attachment":[{"href":"https:\/\/www.giurgiuveanul.ro\/stiri\/wp-json\/wp\/v2\/media?parent=35488"}],"wp:term":[{"taxonomy":"category","embeddable":true,"href":"https:\/\/www.giurgiuveanul.ro\/stiri\/wp-json\/wp\/v2\/categories?post=35488"},{"taxonomy":"post_tag","embeddable":true,"href":"https:\/\/www.giurgiuveanul.ro\/stiri\/wp-json\/wp\/v2\/tags?post=35488"}],"curies":[{"name":"wp","href":"https:\/\/api.w.org\/{rel}","templated":true}]}}