{"id":35696,"date":"2016-11-30T12:40:29","date_gmt":"2016-11-30T10:40:29","guid":{"rendered":"https:\/\/www.giurgiuveanul.ro\/stiri\/?p=35696"},"modified":"2016-11-30T12:48:26","modified_gmt":"2016-11-30T10:48:26","slug":"de-esti-tu-acela","status":"publish","type":"post","link":"https:\/\/www.giurgiuveanul.ro\/stiri\/de-esti-tu-acela\/","title":{"rendered":"De e\u015fti tu acela&#8230;"},"content":{"rendered":"<p style=\"text-align: justify;\"><span style=\"color: #000000;\"><a href=\"https:\/\/www.giurgiuveanul.ro\/stiri\/wp-content\/uploads\/2016\/11\/Podul_de_flori_Iasi-1.jpg\"><img loading=\"lazy\" decoding=\"async\" class=\"aligncenter size-large wp-image-35698\" src=\"https:\/\/www.giurgiuveanul.ro\/stiri\/wp-content\/uploads\/2016\/11\/Podul_de_flori_Iasi-1-560x420.jpg\" alt=\"podul_de_flori_iasi-1\" width=\"560\" height=\"420\" srcset=\"https:\/\/www.giurgiuveanul.ro\/stiri\/wp-content\/uploads\/2016\/11\/Podul_de_flori_Iasi-1-560x420.jpg 560w, https:\/\/www.giurgiuveanul.ro\/stiri\/wp-content\/uploads\/2016\/11\/Podul_de_flori_Iasi-1-250x188.jpg 250w, https:\/\/www.giurgiuveanul.ro\/stiri\/wp-content\/uploads\/2016\/11\/Podul_de_flori_Iasi-1-400x300.jpg 400w, https:\/\/www.giurgiuveanul.ro\/stiri\/wp-content\/uploads\/2016\/11\/Podul_de_flori_Iasi-1.jpg 600w\" sizes=\"auto, (max-width: 560px) 100vw, 560px\" \/><\/a>Deun\u0103zi,\u00a0 avertizat de un distins prieten cu care, \u00een 6 mai 1990 cred, am participat la primul \u00a0Pod de Flori&#8230; la Giurgiule\u015fti&#8230;<\/span><\/p>\n<p style=\"text-align: justify;\"><!--more--><br \/>\nCum, nu mai \u015fti\u0163i ce a fost cu Podul de Flori? Au fost ac\u0163iunile anilor 1990 \u2013 1991 \u00een timpul c\u0103rora, pentru prima oar\u0103 dup\u0103 Al Doilea R\u0103zboi Mondial, s-a putut trece Prutul, era atunci grani\u0163\u0103 \u00eentre Rom\u00e2nia \u015fi Uniunea, \u00eenc\u0103, Sovietic\u0103, \u00eentr-o parte \u015fi-n alta f\u0103r\u0103 nicio formalitate de vam\u0103!<\/p>\n<p style=\"text-align: justify;\"><a href=\"https:\/\/www.giurgiuveanul.ro\/stiri\/wp-content\/uploads\/2016\/11\/Podul_de_flori_tricolor.jpg\"><img loading=\"lazy\" decoding=\"async\" class=\"aligncenter size-full wp-image-35699\" src=\"https:\/\/www.giurgiuveanul.ro\/stiri\/wp-content\/uploads\/2016\/11\/Podul_de_flori_tricolor.jpg\" alt=\"podul_de_flori_tricolor\" width=\"400\" height=\"240\" srcset=\"https:\/\/www.giurgiuveanul.ro\/stiri\/wp-content\/uploads\/2016\/11\/Podul_de_flori_tricolor.jpg 400w, https:\/\/www.giurgiuveanul.ro\/stiri\/wp-content\/uploads\/2016\/11\/Podul_de_flori_tricolor-250x150.jpg 250w\" sizes=\"auto, (max-width: 400px) 100vw, 400px\" \/><\/a><\/p>\n<p style=\"text-align: justify;\"><span style=\"color: #000000;\">\u00a0A fost primul referendum,\u00a0 neanun\u0163at putem zice, pentru RE\u00ceNTREGIRE, nu pentru UNIRE.<\/span><\/p>\n<p style=\"text-align: justify;\"><span style=\"color: #000000;\">\u00cen opt puncte de trecere a Prutului &#8211; \u00a0<a style=\"color: #000000;\" href=\"https:\/\/ro.wikipedia.org\/wiki\/Miorcani,_Boto%C8%99ani\"><em>Miorcani<\/em><\/a><em> \u2013 <a style=\"color: #000000;\" href=\"https:\/\/ro.wikipedia.org\/wiki\/Pererita,_Briceni\">Pererita<\/a>, <a style=\"color: #000000;\" href=\"https:\/\/ro.wikipedia.org\/wiki\/St%C3%A2nca_(%C8%98tef%C4%83ne%C8%99ti),_Boto%C8%99ani\">St\u00e2nca<\/a> \u2013 <a style=\"color: #000000;\" href=\"https:\/\/ro.wikipedia.org\/wiki\/Coste%C8%99ti,_Moldova\">Coste\u0219ti<\/a>, <a style=\"color: #000000;\" href=\"https:\/\/ro.wikipedia.org\/wiki\/Ia%C8%99i\">Ia\u0219i<\/a> \u2013 <a style=\"color: #000000;\" href=\"https:\/\/ro.wikipedia.org\/wiki\/Sculeni,_Ungheni\">Sculeni<\/a>, <a style=\"color: #000000;\" href=\"https:\/\/ro.wikipedia.org\/wiki\/Ungheni,_Ia%C8%99i\">Ungheni<\/a> \u2013 <a style=\"color: #000000;\" href=\"https:\/\/ro.wikipedia.org\/w\/index.php?title=Pod_Ungheni&amp;action=edit&amp;redlink=1\">Pod Ungheni<\/a>, <a style=\"color: #000000;\" href=\"https:\/\/ro.wikipedia.org\/wiki\/Albi%C8%9Ba,_Vaslui\">Albi\u021ba<\/a> \u2013 <a style=\"color: #000000;\" href=\"https:\/\/ro.wikipedia.org\/wiki\/Leu%C8%99eni,_H%C3%AEnce%C8%99ti\">Leu\u0219eni<\/a>, <a style=\"color: #000000;\" href=\"https:\/\/ro.wikipedia.org\/wiki\/F%C4%83lciu,_Vaslui\">F\u0103lciu<\/a> \u2013 <a style=\"color: #000000;\" href=\"https:\/\/ro.wikipedia.org\/wiki\/%C8%9Aiganca,_Cantemir\">\u021aiganca<\/a>, <a style=\"color: #000000;\" href=\"https:\/\/ro.wikipedia.org\/wiki\/Oancea,_Gala%C8%9Bi\">Oancea<\/a> \u2013 <a style=\"color: #000000;\" href=\"https:\/\/ro.wikipedia.org\/wiki\/Cahul\">Cahul<\/a> \u0219i <a style=\"color: #000000;\" href=\"https:\/\/ro.wikipedia.org\/wiki\/Gala%C8%9Bi\">Gala\u021bi<\/a> \u2013 <a style=\"color: #000000;\" href=\"https:\/\/ro.wikipedia.org\/wiki\/Giurgiule%C8%99ti,_Cahul\">Giurgiule\u0219ti<\/a><\/em> <em>\u2013<\/em> rom\u00e2ni de pe ambele maluri, presa vremii vorbea de circa 1,5 milioane, nu \u015ftiu dac\u0103 doar deoparte sau ar trebui s\u0103 inmul\u0163im cu doi, s-au \u00eent\u00e2lnit \u015fi, \u00eempreun\u0103, au aruncat flori in apa Prutului!<\/span><\/p>\n<p style=\"text-align: justify;\"><span style=\"color: #000000;\">\u00cen inima fiec\u0103ruia se auzeau acordurile <em>Doinei Prutului<\/em>, a lui George Buznea.<\/span><\/p>\n<p style=\"text-align: justify;\"><span style=\"color: #000000;\">Dup\u0103 c\u00e2teva zile, acela\u015fi coleg mi-a spus c\u0103 ar fi citit pe internet o apreciere din care \u00ee\u015fi mai amintea : <\/span><\/p>\n<p style=\"text-align: justify;\"><span style=\"color: #000000;\"><em>Un interviu aproape tembel cu un adev\u0103rat \u015fef de stat. <\/em><\/span><\/p>\n<p style=\"text-align: justify;\"><span style=\"color: #000000;\"><em>Interviul este cum am spus pentru c\u0103 reporterul e un mare bleg, ca orice ziarist rom\u00e2n euratlantizat. C\u00e2t de important\u0103 ar fi fost o intrebare privind un referndum pentru unirea\u00a0 &#8211; de ce nu RE\u00ceNTREGIRE?.n.n.- cu Rom\u00e2nia &#8211; pus\u0103 acestui pre\u015fedinte care este decis s\u0103 recurg\u0103 la voin\u0163a poporului, prin referendum, dar nu vrea unirea cu Romania! Boul nici m\u0103car nu l-a \u00eentrebat de ce nu este pentru unire&#8230; <\/em><\/span><\/p>\n<p style=\"text-align: justify;\"><span style=\"color: #000000;\"><em>Da, Dodon este un adev\u0103rat pre\u015fedinte de \u0163ar\u0103. E de\u015ftept foc \u015fi mai ales conving\u0103tor &#8211; e\u015fti sau nu de acord cu el, dar el are argumente. Este democrat, frate, dat \u00een m\u0103&#8217;sa!<\/em><\/span><\/p>\n<p style=\"text-align: justify;\"><span style=\"color: #000000;\">F\u0103r\u0103 a discuta ceea ce colegul\u00a0 meu \u00ee\u015fi mai amintea, f\u0103r\u0103 a fi de acord cu violen\u0163a de limbaj, nu \u015ftiu dac\u0103\u00a0 a colegului sau a celui de pe net,\u00a0 voi incerca s\u0103 r\u0103spund printr-o parafrazare la afirma\u0163ia <em>democratului frate,<\/em> Igor , <em>\u00a0<\/em>\u00a0cuv\u00e2ntul frate \u00een citatul de mai sus \u00a0este cu alt\u0103 valoare contextual\u0103, care ar fi spus c\u0103 vrea s\u0103 fim fra\u0163i, dar fiecare la casa lui!<\/span><\/p>\n<p style=\"text-align: justify;\"><span style=\"color: #000000;\">De e\u015fti tu acela, nu-\u0163i sunt frate eu , dar\u00a0 mai g\u00e2nde\u015fte-te! La noi era o vorb\u0103, cred c\u0103 \u015fi \u00een limba <em>moldoveneasc\u0103 ! <\/em>sun\u0103 la fel: &#8211; D\u0103-mi, Doamne, mintea rom\u00e2nului a de pe urm\u0103!<\/span><\/p>\n<p style=\"text-align: justify;\"><span style=\"color: #000000;\"><strong>Not\u0103: Foto , din presa vremii, luat\u0103 de pe internet<\/strong><\/span><\/p>\n<p style=\"text-align: justify;\"><em><span style=\"color: #000000;\">Gh.C.<\/span><\/em><\/p>\n<p style=\"text-align: justify;\">\n<p style=\"text-align: justify;\"><span style=\"color: #000000;\"><strong>P.S. <\/strong>\u00cen 1990, IGOR DODON avea 15 ani! Era t\u00e2n\u0103r, cred c\u0103 nu a participat. N-a tr\u0103it BUCURIA de\u00a0 a arunca flori\u00a0 \u00een apa Prutului. Are tot timpul\u00a0 \u00eenainte&#8230;<\/span><\/p>\n","protected":false},"excerpt":{"rendered":"<p>Deun\u0103zi,\u00a0 avertizat de un distins prieten cu care, \u00een 6 mai 1990 cred, am participat la primul \u00a0Pod de Flori&#8230; la Giurgiule\u015fti&#8230;<\/p>\n","protected":false},"author":2,"featured_media":0,"comment_status":"open","ping_status":"open","sticky":false,"template":"","format":"standard","meta":{"footnotes":""},"categories":[21],"tags":[],"class_list":["post-35696","post","type-post","status-publish","format-standard","hentry","category-opinia-mea"],"_links":{"self":[{"href":"https:\/\/www.giurgiuveanul.ro\/stiri\/wp-json\/wp\/v2\/posts\/35696","targetHints":{"allow":["GET"]}}],"collection":[{"href":"https:\/\/www.giurgiuveanul.ro\/stiri\/wp-json\/wp\/v2\/posts"}],"about":[{"href":"https:\/\/www.giurgiuveanul.ro\/stiri\/wp-json\/wp\/v2\/types\/post"}],"author":[{"embeddable":true,"href":"https:\/\/www.giurgiuveanul.ro\/stiri\/wp-json\/wp\/v2\/users\/2"}],"replies":[{"embeddable":true,"href":"https:\/\/www.giurgiuveanul.ro\/stiri\/wp-json\/wp\/v2\/comments?post=35696"}],"version-history":[{"count":0,"href":"https:\/\/www.giurgiuveanul.ro\/stiri\/wp-json\/wp\/v2\/posts\/35696\/revisions"}],"wp:attachment":[{"href":"https:\/\/www.giurgiuveanul.ro\/stiri\/wp-json\/wp\/v2\/media?parent=35696"}],"wp:term":[{"taxonomy":"category","embeddable":true,"href":"https:\/\/www.giurgiuveanul.ro\/stiri\/wp-json\/wp\/v2\/categories?post=35696"},{"taxonomy":"post_tag","embeddable":true,"href":"https:\/\/www.giurgiuveanul.ro\/stiri\/wp-json\/wp\/v2\/tags?post=35696"}],"curies":[{"name":"wp","href":"https:\/\/api.w.org\/{rel}","templated":true}]}}