{"id":35758,"date":"2016-12-03T15:55:51","date_gmt":"2016-12-03T13:55:51","guid":{"rendered":"https:\/\/www.giurgiuveanul.ro\/stiri\/?p=35758"},"modified":"2016-12-03T15:55:51","modified_gmt":"2016-12-03T13:55:51","slug":"raspuns-peste-timp","status":"publish","type":"post","link":"https:\/\/www.giurgiuveanul.ro\/stiri\/raspuns-peste-timp\/","title":{"rendered":"R\u0103spuns peste timp&#8230;"},"content":{"rendered":"<p style=\"text-align: justify;\"><a href=\"https:\/\/www.giurgiuveanul.ro\/stiri\/wp-content\/uploads\/2016\/12\/1-decembrie-2016.jpg\"><img loading=\"lazy\" decoding=\"async\" class=\"aligncenter size-large wp-image-35759\" src=\"https:\/\/www.giurgiuveanul.ro\/stiri\/wp-content\/uploads\/2016\/12\/1-decembrie-2016-560x432.jpg\" alt=\"1-decembrie-2016\" width=\"560\" height=\"432\" srcset=\"https:\/\/www.giurgiuveanul.ro\/stiri\/wp-content\/uploads\/2016\/12\/1-decembrie-2016-560x432.jpg 560w, https:\/\/www.giurgiuveanul.ro\/stiri\/wp-content\/uploads\/2016\/12\/1-decembrie-2016-250x193.jpg 250w, https:\/\/www.giurgiuveanul.ro\/stiri\/wp-content\/uploads\/2016\/12\/1-decembrie-2016-400x309.jpg 400w, https:\/\/www.giurgiuveanul.ro\/stiri\/wp-content\/uploads\/2016\/12\/1-decembrie-2016.jpg 800w\" sizes=\"auto, (max-width: 560px) 100vw, 560px\" \/><\/a>Eminescu afirma, \u00een anul 1878\u00a0 \u00een amplul studiu <!--more--><em>BASARABIA<\/em>, publicat \u00een ziarul <em>Timpul <\/em>\u00a0\u00een mai multe episoade, c\u0103 \u00a0<em>Basarabia este misiunea noastr\u0103 istoric\u0103, <\/em>ceea ce, dup\u0103 expresa lui Dimitrie Vatamaniuc, eminent eminescolog, din <em>Basarabia, p\u0103m\u00e2nt rom\u00e2nesc<\/em> (p. 147-159), reprezint\u0103 un adev\u0103rat \u201etestament\u201d ( p. 159).<\/p>\n<p style=\"text-align: justify;\">Avem datoria de a-l cunoa\u015fte,<\/p>\n<p style=\"text-align: justify;\">\u00a0de a-i p\u0103trunde \u00eendemnul,<\/p>\n<p style=\"text-align: justify;\">de a-l reaminti \u00een acest timp celor care se mai \u00eendoiesc de legitimitatea acestei misiuni asumate.<\/p>\n<p style=\"text-align: justify;\">\u00a0elevilor din Moldova, care \u00eenva\u0163\u0103 limba ROM\u00c2N\u0102, \u015fi nu moldoveneasc\u0103!,<\/p>\n<p style=\"text-align: justify;\">elevilor din Rom\u00e2nia , care ar trebui s\u0103 studieze mai mult \u015fi mai profund \u015fi publicistica eminescian\u0103.<\/p>\n<p style=\"text-align: justify;\">\u00a0Peste doi ani se va s\u0103rb\u0103tori\u00a0 un veac\u00a0 de la Marea Unire. Noi\u00a0 nu avem acum prin urmare de f\u0103cut\u00a0 UNIRE, ci RE\u00ceNTREGIRE!<\/p>\n<p style=\"text-align: justify;\">S\u0103 nu uit\u0103m c\u0103 la 26 octombrie 1812, Divanul Moldovei \u00eenainteaz\u0103 un categoric protest \u00eempotriva ruperii Basarabiei din trupul Moldovei, iar mitropolitul Veniamin Costache cerea ca problema s\u0103 fie tran\u015fat\u0103 de c\u0103tre Congresul de la Viena (1814-1815). Chiar dac\u0103 , dup\u0103 \u00eencheierea r\u0103zboiului ruso-turc, 1806-1812, \u00een urma c\u0103ruia Rusia ie\u015fise \u00eenving\u0103toare, condi\u0163iile istorice erau potrivnice!<\/p>\n<p style=\"text-align: justify;\"><em>Am r\u0103sfoit c\u0103r\u0163i, ne-am folosit de munca altora, am adunat dovezi \u015fi am ar\u0103tat c\u0103 poporul rom\u00e2n\u00a0 niciodat\u0103 nu a renun\u0163at la drepturile sale asupra Basarabiei \u015fi c\u0103 prin urmare nici ast\u0103zi nu are dreptul de a renun\u0163a,<\/em> zicea Mihai Eminescu \u00een anul 1878.<\/p>\n<p style=\"text-align: justify;\">De ce ast\u0103zi noi nu am putea zice, \u00eendrept\u0103\u0163it \u015fi legitim, acela\u015fi lucru?<\/p>\n<p style=\"text-align: justify;\">Ast\u0103zi, c\u00e2nd noi ne ur\u0103m\u00a0 <em>Tr\u0103iasc\u0103 Rom\u00e2nia<\/em>, r\u0103spundem peste timp, salutului eminescian :-<em> Tr\u0103iasc\u0103 na\u0163ia rom\u00e2n\u0103! Sus cu d\u00e2nsa!<\/em><\/p>\n<p style=\"text-align: justify;\">\n<p style=\"text-align: justify;\">Gh. C., 3 decembrie 2016.<\/p>\n<p style=\"text-align: justify;\">\n<p style=\"text-align: justify;\"><em>*\u00a0Imagine preluat\u0103 din revista ARTEMIS.<\/em><\/p>\n","protected":false},"excerpt":{"rendered":"<p>Eminescu afirma, \u00een anul 1878\u00a0 \u00een amplul studiu<\/p>\n","protected":false},"author":2,"featured_media":0,"comment_status":"open","ping_status":"open","sticky":false,"template":"","format":"standard","meta":{"footnotes":""},"categories":[21],"tags":[],"class_list":["post-35758","post","type-post","status-publish","format-standard","hentry","category-opinia-mea"],"_links":{"self":[{"href":"https:\/\/www.giurgiuveanul.ro\/stiri\/wp-json\/wp\/v2\/posts\/35758","targetHints":{"allow":["GET"]}}],"collection":[{"href":"https:\/\/www.giurgiuveanul.ro\/stiri\/wp-json\/wp\/v2\/posts"}],"about":[{"href":"https:\/\/www.giurgiuveanul.ro\/stiri\/wp-json\/wp\/v2\/types\/post"}],"author":[{"embeddable":true,"href":"https:\/\/www.giurgiuveanul.ro\/stiri\/wp-json\/wp\/v2\/users\/2"}],"replies":[{"embeddable":true,"href":"https:\/\/www.giurgiuveanul.ro\/stiri\/wp-json\/wp\/v2\/comments?post=35758"}],"version-history":[{"count":0,"href":"https:\/\/www.giurgiuveanul.ro\/stiri\/wp-json\/wp\/v2\/posts\/35758\/revisions"}],"wp:attachment":[{"href":"https:\/\/www.giurgiuveanul.ro\/stiri\/wp-json\/wp\/v2\/media?parent=35758"}],"wp:term":[{"taxonomy":"category","embeddable":true,"href":"https:\/\/www.giurgiuveanul.ro\/stiri\/wp-json\/wp\/v2\/categories?post=35758"},{"taxonomy":"post_tag","embeddable":true,"href":"https:\/\/www.giurgiuveanul.ro\/stiri\/wp-json\/wp\/v2\/tags?post=35758"}],"curies":[{"name":"wp","href":"https:\/\/api.w.org\/{rel}","templated":true}]}}