{"id":35837,"date":"2016-12-06T08:51:26","date_gmt":"2016-12-06T06:51:26","guid":{"rendered":"https:\/\/www.giurgiuveanul.ro\/stiri\/?p=35837"},"modified":"2016-12-06T08:51:26","modified_gmt":"2016-12-06T06:51:26","slug":"la-multi-ani-domnule-primar-nicolae-barbu-2","status":"publish","type":"post","link":"https:\/\/www.giurgiuveanul.ro\/stiri\/la-multi-ani-domnule-primar-nicolae-barbu-2\/","title":{"rendered":"La mul\u0163i ani, domnule primar Nicolae Barbu!"},"content":{"rendered":"<p style=\"text-align: justify;\"><a href=\"https:\/\/www.giurgiuveanul.ro\/stiri\/wp-content\/uploads\/2016\/12\/Nicolae-Barbu-9-mai-2013.jpg\"><img loading=\"lazy\" decoding=\"async\" class=\"aligncenter size-large wp-image-35838\" src=\"https:\/\/www.giurgiuveanul.ro\/stiri\/wp-content\/uploads\/2016\/12\/Nicolae-Barbu-9-mai-2013-560x437.jpg\" alt=\"nicolae-barbu-9-mai-2013\" width=\"560\" height=\"437\" srcset=\"https:\/\/www.giurgiuveanul.ro\/stiri\/wp-content\/uploads\/2016\/12\/Nicolae-Barbu-9-mai-2013-560x437.jpg 560w, https:\/\/www.giurgiuveanul.ro\/stiri\/wp-content\/uploads\/2016\/12\/Nicolae-Barbu-9-mai-2013-250x195.jpg 250w, https:\/\/www.giurgiuveanul.ro\/stiri\/wp-content\/uploads\/2016\/12\/Nicolae-Barbu-9-mai-2013-400x312.jpg 400w, https:\/\/www.giurgiuveanul.ro\/stiri\/wp-content\/uploads\/2016\/12\/Nicolae-Barbu-9-mai-2013.jpg 800w\" sizes=\"auto, (max-width: 560px) 100vw, 560px\" \/><\/a>Un alt politician de calibru din jude\u0163ul Giurgiu \u00ee\u015fi s\u0103rb\u0103tore\u015fte ast\u0103zi ziua numelui. Vorbim de primarul de Giurgiu, Nicolae Barbu, pre\u015fedintele <!--more-->organiza\u0163iei municipale a PSD Giurgiu, c\u0103ruia \u00eei ur\u0103m pe aceast\u0103 cale s\u0103 izb\u00e2ndeasc\u0103 \u00een tot ceea ce \u015fi-a propus s\u0103 realizeze pentru municipiul ale c\u0103rui destine le conduce de peste patru ani.<\/p>\n<p style=\"text-align: justify;\">\u015ei pentru c\u0103 este o zi special\u0103 pentru domnia-sa, ne al\u0103tur\u0103m \u015fi noi celor care \u00eei doresc s\u0103 aib\u0103 parte de \u00eempliniri, satisfac\u021bii \u0219i mult\u0103 s\u0103n\u0103tate.<\/p>\n<p style=\"text-align: justify;\"><em> La mul\u021bi ani, domnule primar!<\/em><\/p>\n","protected":false},"excerpt":{"rendered":"<p>Un alt politician de calibru din jude\u0163ul Giurgiu \u00ee\u015fi s\u0103rb\u0103tore\u015fte ast\u0103zi ziua numelui. Vorbim de primarul de Giurgiu, Nicolae Barbu, pre\u015fedintele<\/p>\n","protected":false},"author":2,"featured_media":0,"comment_status":"open","ping_status":"open","sticky":false,"template":"","format":"standard","meta":{"footnotes":""},"categories":[16],"tags":[],"class_list":["post-35837","post","type-post","status-publish","format-standard","hentry","category-astazi-e-ziua-ta"],"_links":{"self":[{"href":"https:\/\/www.giurgiuveanul.ro\/stiri\/wp-json\/wp\/v2\/posts\/35837","targetHints":{"allow":["GET"]}}],"collection":[{"href":"https:\/\/www.giurgiuveanul.ro\/stiri\/wp-json\/wp\/v2\/posts"}],"about":[{"href":"https:\/\/www.giurgiuveanul.ro\/stiri\/wp-json\/wp\/v2\/types\/post"}],"author":[{"embeddable":true,"href":"https:\/\/www.giurgiuveanul.ro\/stiri\/wp-json\/wp\/v2\/users\/2"}],"replies":[{"embeddable":true,"href":"https:\/\/www.giurgiuveanul.ro\/stiri\/wp-json\/wp\/v2\/comments?post=35837"}],"version-history":[{"count":0,"href":"https:\/\/www.giurgiuveanul.ro\/stiri\/wp-json\/wp\/v2\/posts\/35837\/revisions"}],"wp:attachment":[{"href":"https:\/\/www.giurgiuveanul.ro\/stiri\/wp-json\/wp\/v2\/media?parent=35837"}],"wp:term":[{"taxonomy":"category","embeddable":true,"href":"https:\/\/www.giurgiuveanul.ro\/stiri\/wp-json\/wp\/v2\/categories?post=35837"},{"taxonomy":"post_tag","embeddable":true,"href":"https:\/\/www.giurgiuveanul.ro\/stiri\/wp-json\/wp\/v2\/tags?post=35837"}],"curies":[{"name":"wp","href":"https:\/\/api.w.org\/{rel}","templated":true}]}}