{"id":35843,"date":"2016-12-06T09:16:15","date_gmt":"2016-12-06T07:16:15","guid":{"rendered":"https:\/\/www.giurgiuveanul.ro\/stiri\/?p=35843"},"modified":"2016-12-06T09:16:15","modified_gmt":"2016-12-06T07:16:15","slug":"la-multi-ani-tuturor-sarbatoritilor-de-sfantul-nicolae","status":"publish","type":"post","link":"https:\/\/www.giurgiuveanul.ro\/stiri\/la-multi-ani-tuturor-sarbatoritilor-de-sfantul-nicolae\/","title":{"rendered":"La Mul\u0163i Ani tuturor s\u0103rb\u0103tori\u0163ilor de Sf\u00e2ntul Nicolae!"},"content":{"rendered":"<p><a href=\"https:\/\/www.giurgiuveanul.ro\/stiri\/wp-content\/uploads\/2016\/12\/Sf-Nicolae-9.jpg\"><img loading=\"lazy\" decoding=\"async\" class=\"aligncenter size-large wp-image-35844\" src=\"https:\/\/www.giurgiuveanul.ro\/stiri\/wp-content\/uploads\/2016\/12\/Sf-Nicolae-9-360x450.jpg\" alt=\"sf-nicolae-9\" width=\"360\" height=\"450\" srcset=\"https:\/\/www.giurgiuveanul.ro\/stiri\/wp-content\/uploads\/2016\/12\/Sf-Nicolae-9-360x450.jpg 360w, https:\/\/www.giurgiuveanul.ro\/stiri\/wp-content\/uploads\/2016\/12\/Sf-Nicolae-9-240x300.jpg 240w, https:\/\/www.giurgiuveanul.ro\/stiri\/wp-content\/uploads\/2016\/12\/Sf-Nicolae-9-400x500.jpg 400w, https:\/\/www.giurgiuveanul.ro\/stiri\/wp-content\/uploads\/2016\/12\/Sf-Nicolae-9.jpg 800w\" sizes=\"auto, (max-width: 360px) 100vw, 360px\" \/><\/a>Ast\u0103zi avem pl\u0103cerea s\u0103 ur\u0103m &#8222;La Mul\u0163i Ani&#8221;<!--more-->tuturor celor care poart\u0103 numele Sf\u00e2ntului Nicolae! S\u0103 fi\u0163i s\u0103n\u0103to\u015fi, ferici\u0163i, iubi\u0163i, noroco\u015fi \u015fi s\u0103 ave\u0163i mereu puterea de a d\u0103rui precum sf\u00e2ntul c\u0103ruia \u00eei purta\u0163i numele!<\/p>\n<p>Sf\u00e2ntul Nicolae s\u0103 ning\u0103 asupra voastr\u0103 cu fulgi de fericire \u0219i bucurie \u0219i s\u0103 nu v\u0103 p\u0103r\u0103seasc\u0103 niciodat\u0103!<\/p>\n<p>Acelea\u015fi sentimente \u015fi pentru cei n\u0103scu\u0163i ast\u0103zi, s\u0103 v\u0103 d\u0103ruiasc\u0103 Sf\u00e2ntul Nicolae numai fericire \u015fi g\u00e2nduri bune!<\/p>\n<p>Conform datelor furnizate de structura specializat\u0103 a Ministerului Administra\u0163iei \u015fi Internelor, majoritatea b\u0103rba\u0163ilor ce poart\u0103 sf\u00e2ntul nume se numesc Nicolae \u2013, Niculai\/Neculai, Nicu\u015for sau Niculae.<\/p>\n<p>Printre rom\u00e2nii care s\u0103rb\u0103toresc onomastica pe 6 decembrie se num\u0103r\u0103 \u015fi cei care poart\u0103 numele de Nic, Nik, Lae, Niklas, Laie, Nicol\u0103i\u0163\u0103\/Nicul\u0103i\u0163\u0103, Culae sau Nicholaus.<\/p>\n<p>Din totalul rom\u00e2ncelor, cele mai multe se numesc Nicoleta, Niculina\/Nicolina, Niculita\/Niculi\u0163a, Nicole\/Nikole, Nichi, Nikko\/Nikka\/Nikke\/Nikki\/Nikky \u0219i Nicul\u0103i\u0163a.<\/p>\n<p><em>Tuturor un sincer \u015fi c\u0103lduros \u201eLa Mul\u0163i Ani!\u201d<\/em><\/p>\n","protected":false},"excerpt":{"rendered":"<p>Ast\u0103zi avem pl\u0103cerea s\u0103 ur\u0103m &#8222;La Mul\u0163i Ani&#8221;<\/p>\n","protected":false},"author":2,"featured_media":0,"comment_status":"open","ping_status":"open","sticky":false,"template":"","format":"standard","meta":{"footnotes":""},"categories":[16],"tags":[],"class_list":["post-35843","post","type-post","status-publish","format-standard","hentry","category-astazi-e-ziua-ta"],"_links":{"self":[{"href":"https:\/\/www.giurgiuveanul.ro\/stiri\/wp-json\/wp\/v2\/posts\/35843","targetHints":{"allow":["GET"]}}],"collection":[{"href":"https:\/\/www.giurgiuveanul.ro\/stiri\/wp-json\/wp\/v2\/posts"}],"about":[{"href":"https:\/\/www.giurgiuveanul.ro\/stiri\/wp-json\/wp\/v2\/types\/post"}],"author":[{"embeddable":true,"href":"https:\/\/www.giurgiuveanul.ro\/stiri\/wp-json\/wp\/v2\/users\/2"}],"replies":[{"embeddable":true,"href":"https:\/\/www.giurgiuveanul.ro\/stiri\/wp-json\/wp\/v2\/comments?post=35843"}],"version-history":[{"count":0,"href":"https:\/\/www.giurgiuveanul.ro\/stiri\/wp-json\/wp\/v2\/posts\/35843\/revisions"}],"wp:attachment":[{"href":"https:\/\/www.giurgiuveanul.ro\/stiri\/wp-json\/wp\/v2\/media?parent=35843"}],"wp:term":[{"taxonomy":"category","embeddable":true,"href":"https:\/\/www.giurgiuveanul.ro\/stiri\/wp-json\/wp\/v2\/categories?post=35843"},{"taxonomy":"post_tag","embeddable":true,"href":"https:\/\/www.giurgiuveanul.ro\/stiri\/wp-json\/wp\/v2\/tags?post=35843"}],"curies":[{"name":"wp","href":"https:\/\/api.w.org\/{rel}","templated":true}]}}