{"id":35983,"date":"2016-12-10T15:40:45","date_gmt":"2016-12-10T13:40:45","guid":{"rendered":"https:\/\/www.giurgiuveanul.ro\/stiri\/?p=35983"},"modified":"2016-12-10T15:40:45","modified_gmt":"2016-12-10T13:40:45","slug":"la-multi-ani-tv-giurgiu-2","status":"publish","type":"post","link":"https:\/\/www.giurgiuveanul.ro\/stiri\/la-multi-ani-tv-giurgiu-2\/","title":{"rendered":"La Mul\u0163i Ani, TV Giurgiu!"},"content":{"rendered":"<p style=\"text-align: justify;\"><a href=\"https:\/\/www.giurgiuveanul.ro\/stiri\/wp-content\/uploads\/2016\/12\/giurgiu-tv-aniversare.jpg\"><img loading=\"lazy\" decoding=\"async\" class=\"aligncenter size-full wp-image-35984\" src=\"https:\/\/www.giurgiuveanul.ro\/stiri\/wp-content\/uploads\/2016\/12\/giurgiu-tv-aniversare.jpg\" alt=\"giurgiu-tv-aniversare\" width=\"403\" height=\"300\" srcset=\"https:\/\/www.giurgiuveanul.ro\/stiri\/wp-content\/uploads\/2016\/12\/giurgiu-tv-aniversare.jpg 403w, https:\/\/www.giurgiuveanul.ro\/stiri\/wp-content\/uploads\/2016\/12\/giurgiu-tv-aniversare-250x186.jpg 250w, https:\/\/www.giurgiuveanul.ro\/stiri\/wp-content\/uploads\/2016\/12\/giurgiu-tv-aniversare-400x298.jpg 400w\" sizes=\"auto, (max-width: 403px) 100vw, 403px\" \/><\/a>\u00cen seara zilei de 10 decembrie <!--more-->2012, TV Giurgiu emitea pentru prima oar\u0103. A ap\u0103rut din dorin\u0163a de a avea o alternativ\u0103 local\u0103, din \u201esetea\u201c de a vedea \u015fi altceva dec\u00e2t programele televiziunilor na\u0163ionale. Timp de patru ani, reporterii TV Giurgiu au fost \u00een mijlocul evenimentelor, au transmis cele mai importante \u015ftiri \u015fi au reu\u015fit s\u0103 r\u0103spund\u0103 celor mai exigente cerin\u0163e. Echipa TV Giurgiu, dar \u015fi giurgiuvenii, au un motiv de bucurie ast\u0103zi: televiziunea \u00eempline\u015fte patru ani!<\/p>\n<p style=\"text-align: justify;\">Momentul este un prilej de bilan\u0163 pentru cei care au pornit pe acest drum \u00een decembrie 2012.<\/p>\n<p style=\"text-align: justify;\">Obiectivele postului au r\u0103mas neschimbate, informarea, crearea de atitudine, dezbaterea \u015fi analiza unor subiecte de interes general, asta de\u015fi echipa s-a restr\u00e2ns.<\/p>\n<p style=\"text-align: justify;\">\u201eLa Mul\u0163i Ani, TV Giurgiu! Multe emisiuni la fel de bune ca \u015fi p\u00e2n\u0103 acum \u015fi mult succes celor care au r\u0103mas pe baricade!\u201c<\/p>\n<p style=\"text-align: justify;\">\n","protected":false},"excerpt":{"rendered":"<p>\u00cen seara zilei de 10 decembrie<\/p>\n","protected":false},"author":2,"featured_media":0,"comment_status":"open","ping_status":"open","sticky":false,"template":"","format":"standard","meta":{"footnotes":""},"categories":[16],"tags":[],"class_list":["post-35983","post","type-post","status-publish","format-standard","hentry","category-astazi-e-ziua-ta"],"_links":{"self":[{"href":"https:\/\/www.giurgiuveanul.ro\/stiri\/wp-json\/wp\/v2\/posts\/35983","targetHints":{"allow":["GET"]}}],"collection":[{"href":"https:\/\/www.giurgiuveanul.ro\/stiri\/wp-json\/wp\/v2\/posts"}],"about":[{"href":"https:\/\/www.giurgiuveanul.ro\/stiri\/wp-json\/wp\/v2\/types\/post"}],"author":[{"embeddable":true,"href":"https:\/\/www.giurgiuveanul.ro\/stiri\/wp-json\/wp\/v2\/users\/2"}],"replies":[{"embeddable":true,"href":"https:\/\/www.giurgiuveanul.ro\/stiri\/wp-json\/wp\/v2\/comments?post=35983"}],"version-history":[{"count":0,"href":"https:\/\/www.giurgiuveanul.ro\/stiri\/wp-json\/wp\/v2\/posts\/35983\/revisions"}],"wp:attachment":[{"href":"https:\/\/www.giurgiuveanul.ro\/stiri\/wp-json\/wp\/v2\/media?parent=35983"}],"wp:term":[{"taxonomy":"category","embeddable":true,"href":"https:\/\/www.giurgiuveanul.ro\/stiri\/wp-json\/wp\/v2\/categories?post=35983"},{"taxonomy":"post_tag","embeddable":true,"href":"https:\/\/www.giurgiuveanul.ro\/stiri\/wp-json\/wp\/v2\/tags?post=35983"}],"curies":[{"name":"wp","href":"https:\/\/api.w.org\/{rel}","templated":true}]}}