{"id":36357,"date":"2016-12-22T17:12:02","date_gmt":"2016-12-22T15:12:02","guid":{"rendered":"https:\/\/www.giurgiuveanul.ro\/stiri\/?p=36357"},"modified":"2016-12-22T17:12:02","modified_gmt":"2016-12-22T15:12:02","slug":"22-decembrie-2016-la-giurgiu","status":"publish","type":"post","link":"https:\/\/www.giurgiuveanul.ro\/stiri\/22-decembrie-2016-la-giurgiu\/","title":{"rendered":"22 Decembrie 2016, la Giurgiu!"},"content":{"rendered":"<p style=\"text-align: justify;\"><a href=\"https:\/\/www.giurgiuveanul.ro\/stiri\/wp-content\/uploads\/2016\/12\/13.jpg\"><img loading=\"lazy\" decoding=\"async\" class=\"aligncenter size-large wp-image-36359\" src=\"https:\/\/www.giurgiuveanul.ro\/stiri\/wp-content\/uploads\/2016\/12\/13-318x450.jpg\" alt=\"1\" width=\"318\" height=\"450\" srcset=\"https:\/\/www.giurgiuveanul.ro\/stiri\/wp-content\/uploads\/2016\/12\/13-318x450.jpg 318w, https:\/\/www.giurgiuveanul.ro\/stiri\/wp-content\/uploads\/2016\/12\/13-212x300.jpg 212w, https:\/\/www.giurgiuveanul.ro\/stiri\/wp-content\/uploads\/2016\/12\/13-400x566.jpg 400w, https:\/\/www.giurgiuveanul.ro\/stiri\/wp-content\/uploads\/2016\/12\/13.jpg 678w\" sizes=\"auto, (max-width: 318px) 100vw, 318px\" \/><\/a>Cei care <!--more-->\u0219i-au dat via\u021ba la Reovlu\u021bia din Decembrie 1989 au fost comemora\u021bi ast\u0103zi la Giurgiu. Autorit\u0103\u0163ile giurgiuvene au marcat 27 de ani de la c\u0103derea regimului comunist.<\/p>\n<p style=\"text-align: justify;\"><a href=\"https:\/\/www.giurgiuveanul.ro\/stiri\/wp-content\/uploads\/2016\/12\/15590782_567661130100590_2544654465664180384_o.jpg\"><img loading=\"lazy\" decoding=\"async\" class=\"aligncenter size-large wp-image-36362\" src=\"https:\/\/www.giurgiuveanul.ro\/stiri\/wp-content\/uploads\/2016\/12\/15590782_567661130100590_2544654465664180384_o-560x424.jpg\" alt=\"15590782_567661130100590_2544654465664180384_o\" width=\"560\" height=\"424\" srcset=\"https:\/\/www.giurgiuveanul.ro\/stiri\/wp-content\/uploads\/2016\/12\/15590782_567661130100590_2544654465664180384_o-560x424.jpg 560w, https:\/\/www.giurgiuveanul.ro\/stiri\/wp-content\/uploads\/2016\/12\/15590782_567661130100590_2544654465664180384_o-250x189.jpg 250w, https:\/\/www.giurgiuveanul.ro\/stiri\/wp-content\/uploads\/2016\/12\/15590782_567661130100590_2544654465664180384_o-400x303.jpg 400w, https:\/\/www.giurgiuveanul.ro\/stiri\/wp-content\/uploads\/2016\/12\/15590782_567661130100590_2544654465664180384_o.jpg 2048w\" sizes=\"auto, (max-width: 560px) 100vw, 560px\" \/><\/a><\/p>\n<p style=\"text-align: justify;\">Evenimentul a fost organizat la \u201eMonumentul Eroilor Martiri\u201d, amplasat \u00een zona Teatrului \u201eTudor Vianu\u201d, \u0219i la\u00a0 \u201eMonumentul Eroii Revolu\u021biei\u201d, de la Biserica Eroilor.<\/p>\n<p style=\"text-align: justify;\">La \u201eMonumentul Eroilor Revolu\u021biei\u201d a avut loc un ceremonial religios \u015fi militar \u00een memoria eroilor care \u015fi-au jertfit via\u0163a \u015fi au contribuit la victoria Revolu\u0163iei Rom\u00e2ne din decembrie din 1989.<\/p>\n<p style=\"text-align: justify;\"><a href=\"https:\/\/www.giurgiuveanul.ro\/stiri\/wp-content\/uploads\/2016\/12\/15625612_567660830100620_7839491576402523751_o.jpg\"><img loading=\"lazy\" decoding=\"async\" class=\"aligncenter size-large wp-image-36360\" src=\"https:\/\/www.giurgiuveanul.ro\/stiri\/wp-content\/uploads\/2016\/12\/15625612_567660830100620_7839491576402523751_o-560x384.jpg\" alt=\"15625612_567660830100620_7839491576402523751_o\" width=\"560\" height=\"384\" srcset=\"https:\/\/www.giurgiuveanul.ro\/stiri\/wp-content\/uploads\/2016\/12\/15625612_567660830100620_7839491576402523751_o-560x384.jpg 560w, https:\/\/www.giurgiuveanul.ro\/stiri\/wp-content\/uploads\/2016\/12\/15625612_567660830100620_7839491576402523751_o-250x171.jpg 250w, https:\/\/www.giurgiuveanul.ro\/stiri\/wp-content\/uploads\/2016\/12\/15625612_567660830100620_7839491576402523751_o-400x274.jpg 400w, https:\/\/www.giurgiuveanul.ro\/stiri\/wp-content\/uploads\/2016\/12\/15625612_567660830100620_7839491576402523751_o.jpg 2048w\" sizes=\"auto, (max-width: 560px) 100vw, 560px\" \/><\/a><\/p>\n<p style=\"text-align: justify;\">\n<p style=\"text-align: justify;\"><a href=\"https:\/\/www.giurgiuveanul.ro\/stiri\/wp-content\/uploads\/2016\/12\/15676415_567661260100577_2640251416894142243_o.jpg\"><img loading=\"lazy\" decoding=\"async\" class=\"aligncenter size-large wp-image-36361\" src=\"https:\/\/www.giurgiuveanul.ro\/stiri\/wp-content\/uploads\/2016\/12\/15676415_567661260100577_2640251416894142243_o-560x366.jpg\" alt=\"15676415_567661260100577_2640251416894142243_o\" width=\"560\" height=\"366\" srcset=\"https:\/\/www.giurgiuveanul.ro\/stiri\/wp-content\/uploads\/2016\/12\/15676415_567661260100577_2640251416894142243_o-560x366.jpg 560w, https:\/\/www.giurgiuveanul.ro\/stiri\/wp-content\/uploads\/2016\/12\/15676415_567661260100577_2640251416894142243_o-250x163.jpg 250w, https:\/\/www.giurgiuveanul.ro\/stiri\/wp-content\/uploads\/2016\/12\/15676415_567661260100577_2640251416894142243_o-400x261.jpg 400w, https:\/\/www.giurgiuveanul.ro\/stiri\/wp-content\/uploads\/2016\/12\/15676415_567661260100577_2640251416894142243_o.jpg 2048w\" sizes=\"auto, (max-width: 560px) 100vw, 560px\" \/><\/a><\/p>\n<p style=\"text-align: justify;\">GALERIE FOTO AICI <a href=\"https:\/\/www.facebook.com\/media\/set\/?set=a.567660033434033.1073742540.100005701234007&amp;type=1&amp;l=7a0bcca449\">https:\/\/www.facebook.com\/media\/set\/?set=a.567660033434033.1073742540.100005701234007&amp;type=1&amp;l=7a0bcca449<\/a><\/p>\n","protected":false},"excerpt":{"rendered":"<p>Cei care<\/p>\n","protected":false},"author":2,"featured_media":0,"comment_status":"open","ping_status":"open","sticky":false,"template":"","format":"standard","meta":{"footnotes":""},"categories":[8],"tags":[],"class_list":["post-36357","post","type-post","status-publish","format-standard","hentry","category-alert-news"],"_links":{"self":[{"href":"https:\/\/www.giurgiuveanul.ro\/stiri\/wp-json\/wp\/v2\/posts\/36357","targetHints":{"allow":["GET"]}}],"collection":[{"href":"https:\/\/www.giurgiuveanul.ro\/stiri\/wp-json\/wp\/v2\/posts"}],"about":[{"href":"https:\/\/www.giurgiuveanul.ro\/stiri\/wp-json\/wp\/v2\/types\/post"}],"author":[{"embeddable":true,"href":"https:\/\/www.giurgiuveanul.ro\/stiri\/wp-json\/wp\/v2\/users\/2"}],"replies":[{"embeddable":true,"href":"https:\/\/www.giurgiuveanul.ro\/stiri\/wp-json\/wp\/v2\/comments?post=36357"}],"version-history":[{"count":0,"href":"https:\/\/www.giurgiuveanul.ro\/stiri\/wp-json\/wp\/v2\/posts\/36357\/revisions"}],"wp:attachment":[{"href":"https:\/\/www.giurgiuveanul.ro\/stiri\/wp-json\/wp\/v2\/media?parent=36357"}],"wp:term":[{"taxonomy":"category","embeddable":true,"href":"https:\/\/www.giurgiuveanul.ro\/stiri\/wp-json\/wp\/v2\/categories?post=36357"},{"taxonomy":"post_tag","embeddable":true,"href":"https:\/\/www.giurgiuveanul.ro\/stiri\/wp-json\/wp\/v2\/tags?post=36357"}],"curies":[{"name":"wp","href":"https:\/\/api.w.org\/{rel}","templated":true}]}}