{"id":36377,"date":"2016-12-23T15:50:56","date_gmt":"2016-12-23T13:50:56","guid":{"rendered":"https:\/\/www.giurgiuveanul.ro\/stiri\/?p=36377"},"modified":"2016-12-23T15:50:56","modified_gmt":"2016-12-23T13:50:56","slug":"in-serviciul-comunitatii-de-craciun-peste-10-300-de-politisti-vor-fi-la-datorie","status":"publish","type":"post","link":"https:\/\/www.giurgiuveanul.ro\/stiri\/in-serviciul-comunitatii-de-craciun-peste-10-300-de-politisti-vor-fi-la-datorie\/","title":{"rendered":"\u00cen serviciul comunit\u0103\u021bii, de Cr\u0103ciun! Peste 10.300 de poli\u021bi\u0219ti vor fi la datorie"},"content":{"rendered":"<p style=\"text-align: justify;\"><strong><a href=\"https:\/\/www.giurgiuveanul.ro\/stiri\/wp-content\/uploads\/2016\/12\/IMG_2311.jpg\"><img loading=\"lazy\" decoding=\"async\" class=\"aligncenter size-large wp-image-36335\" src=\"https:\/\/www.giurgiuveanul.ro\/stiri\/wp-content\/uploads\/2016\/12\/IMG_2311-553x450.jpg\" alt=\"img_2311\" width=\"553\" height=\"450\" srcset=\"https:\/\/www.giurgiuveanul.ro\/stiri\/wp-content\/uploads\/2016\/12\/IMG_2311-553x450.jpg 553w, https:\/\/www.giurgiuveanul.ro\/stiri\/wp-content\/uploads\/2016\/12\/IMG_2311-250x203.jpg 250w, https:\/\/www.giurgiuveanul.ro\/stiri\/wp-content\/uploads\/2016\/12\/IMG_2311-400x326.jpg 400w, https:\/\/www.giurgiuveanul.ro\/stiri\/wp-content\/uploads\/2016\/12\/IMG_2311.jpg 800w\" sizes=\"auto, (max-width: 553px) 100vw, 553px\" \/><\/a>Peste 10.300 de poli\u0163i\u015fti vor fi la datorie, suplimentar fa\u021b\u0103 de<!--more--> dispozitivul curent, pentru ca s\u0103rb\u0103toarea Cr\u0103ciunului s\u0103 fie petrecut\u0103 \u00een lini\u0219te \u0219i siguran\u021b\u0103.<\/strong><\/p>\n<p style=\"text-align: justify;\">Poli\u0163ia Rom\u00e2n\u0103 este la datorie, \u00een serviciul comunit\u0103\u0163ii, \u00een perioada Cr\u0103ciunului, pentru asigurarea ordinii \u015fi siguran\u0163ei publice, protejarea patrimoniului, a drepturilor \u015fi libert\u0103\u0163ilor cet\u0103\u0163enilor.<\/p>\n<p style=\"text-align: justify;\">Cei peste 10.300 de poli\u0163i\u015fti, care vor ac\u021biona suplimentar fa\u0163\u0103 efectivul curent de ordine \u015fi siguran\u0163\u0103 public\u0103, au ca prioritate prevenirea \u015fi combaterea oric\u0103ror evenimente care ar putea afecta lini\u015ftea cet\u0103\u0163enilor \u015fi interven\u021bia rapid\u0103 atunci c\u00e2nd sunt sesiza\u0163i cu privire la comiterea unor fapte antisociale.<\/p>\n<p style=\"text-align: justify;\">Din totalul poli\u0163i\u015ftilor care ac\u021bioneaz\u0103 \u00een aceast\u0103 perioad\u0103, aproape 6.600 sunt de la structurile de ordine public\u0103, circa 1.700 sunt poli\u0163i\u015fti de la rutier\u0103, restul fiind de la celelalte structuri, respectiv: transporturi, investiga\u0163ii criminale, investigarea criminalit\u0103\u021bii economice, lupt\u0103tori de interven\u0163ie rapid\u0103 \u015fi poli\u0163i\u015fti de la arme, explozivi \u015fi substan\u0163e periculoase.<\/p>\n<p style=\"text-align: justify;\">De asemenea, peste 3.200 de patrule de siguran\u0163\u0103 public\u0103, dintre care peste 450 pedestre \u015fi aproape 2.760 auto, vor ac\u021biona, zilnic, pentru prevenirea \u015fi combaterea faptelor antisociale.<\/p>\n<p style=\"text-align: justify;\">Totodat\u0103, pentru prevenirea evenimentelor rutiere negative \u0219i asigurarea fluen\u021bei traficului rutier, poli\u021bi\u0219tii vor folosi 860 de autospeciale, dintre care 342 dotate cu aparate de monitorizare a traficului \u0219i \u00eenregistrare a vitezei de deplasare a vehiculelor.<\/p>\n<p style=\"text-align: justify;\"><a href=\"https:\/\/www.giurgiuveanul.ro\/stiri\/wp-content\/uploads\/2016\/12\/IMG_0593.jpg\"><img loading=\"lazy\" decoding=\"async\" class=\"aligncenter size-large wp-image-36378\" src=\"https:\/\/www.giurgiuveanul.ro\/stiri\/wp-content\/uploads\/2016\/12\/IMG_0593-293x450.jpg\" alt=\"img_0593\" width=\"293\" height=\"450\" srcset=\"https:\/\/www.giurgiuveanul.ro\/stiri\/wp-content\/uploads\/2016\/12\/IMG_0593-293x450.jpg 293w, https:\/\/www.giurgiuveanul.ro\/stiri\/wp-content\/uploads\/2016\/12\/IMG_0593-195x300.jpg 195w, https:\/\/www.giurgiuveanul.ro\/stiri\/wp-content\/uploads\/2016\/12\/IMG_0593-390x600.jpg 390w, https:\/\/www.giurgiuveanul.ro\/stiri\/wp-content\/uploads\/2016\/12\/IMG_0593.jpg 800w\" sizes=\"auto, (max-width: 293px) 100vw, 293px\" \/><\/a><\/p>\n<p style=\"text-align: justify;\">Poli\u0163i\u015ftii de la transporturi vor patrula, zilnic, pe 143 de trenuri de c\u0103l\u0103tori, precum \u015fi \u00een 238 de sta\u0163ii \u015fi triaje de cale ferat\u0103. De asemenea, vor fi prezen\u021bi \u00een 14 aerog\u0103ri (na\u0163ionale \u015fi interna\u0163ionale), precum \u015fi \u00een 24 de porturi la Marea Neagr\u0103 sau pe Dun\u0103re.<\/p>\n","protected":false},"excerpt":{"rendered":"<p>Peste 10.300 de poli\u0163i\u015fti vor fi la datorie, suplimentar fa\u021b\u0103 de<\/p>\n","protected":false},"author":2,"featured_media":0,"comment_status":"open","ping_status":"open","sticky":false,"template":"","format":"standard","meta":{"footnotes":""},"categories":[8],"tags":[],"class_list":["post-36377","post","type-post","status-publish","format-standard","hentry","category-alert-news"],"_links":{"self":[{"href":"https:\/\/www.giurgiuveanul.ro\/stiri\/wp-json\/wp\/v2\/posts\/36377","targetHints":{"allow":["GET"]}}],"collection":[{"href":"https:\/\/www.giurgiuveanul.ro\/stiri\/wp-json\/wp\/v2\/posts"}],"about":[{"href":"https:\/\/www.giurgiuveanul.ro\/stiri\/wp-json\/wp\/v2\/types\/post"}],"author":[{"embeddable":true,"href":"https:\/\/www.giurgiuveanul.ro\/stiri\/wp-json\/wp\/v2\/users\/2"}],"replies":[{"embeddable":true,"href":"https:\/\/www.giurgiuveanul.ro\/stiri\/wp-json\/wp\/v2\/comments?post=36377"}],"version-history":[{"count":0,"href":"https:\/\/www.giurgiuveanul.ro\/stiri\/wp-json\/wp\/v2\/posts\/36377\/revisions"}],"wp:attachment":[{"href":"https:\/\/www.giurgiuveanul.ro\/stiri\/wp-json\/wp\/v2\/media?parent=36377"}],"wp:term":[{"taxonomy":"category","embeddable":true,"href":"https:\/\/www.giurgiuveanul.ro\/stiri\/wp-json\/wp\/v2\/categories?post=36377"},{"taxonomy":"post_tag","embeddable":true,"href":"https:\/\/www.giurgiuveanul.ro\/stiri\/wp-json\/wp\/v2\/tags?post=36377"}],"curies":[{"name":"wp","href":"https:\/\/api.w.org\/{rel}","templated":true}]}}