{"id":36380,"date":"2016-12-23T16:29:29","date_gmt":"2016-12-23T14:29:29","guid":{"rendered":"https:\/\/www.giurgiuveanul.ro\/stiri\/?p=36380"},"modified":"2016-12-23T21:58:16","modified_gmt":"2016-12-23T19:58:16","slug":"deputatul-giurgiuvean-toma-florin-petcu-presedintele-comisiei-pentru-mediu-si-echilibru-ecologic-parlamentului-romaniei","status":"publish","type":"post","link":"https:\/\/www.giurgiuveanul.ro\/stiri\/deputatul-giurgiuvean-toma-florin-petcu-presedintele-comisiei-pentru-mediu-si-echilibru-ecologic-parlamentului-romaniei\/","title":{"rendered":"Deputatul giurgiuvean Toma Florin Petcu, pre\u0219edintele Comisiei pentru mediu \u015fi echilibru ecologic a Parlamentului Rom\u00e2niei"},"content":{"rendered":"<p style=\"text-align: justify;\"><a href=\"https:\/\/www.giurgiuveanul.ro\/stiri\/wp-content\/uploads\/2016\/12\/Toma-Petcu-2.jpg\"><img loading=\"lazy\" decoding=\"async\" class=\"aligncenter size-large wp-image-36381\" src=\"https:\/\/www.giurgiuveanul.ro\/stiri\/wp-content\/uploads\/2016\/12\/Toma-Petcu-2-416x450.jpg\" alt=\"toma-petcu-2\" width=\"416\" height=\"450\" srcset=\"https:\/\/www.giurgiuveanul.ro\/stiri\/wp-content\/uploads\/2016\/12\/Toma-Petcu-2-416x450.jpg 416w, https:\/\/www.giurgiuveanul.ro\/stiri\/wp-content\/uploads\/2016\/12\/Toma-Petcu-2-250x271.jpg 250w, https:\/\/www.giurgiuveanul.ro\/stiri\/wp-content\/uploads\/2016\/12\/Toma-Petcu-2-400x433.jpg 400w, https:\/\/www.giurgiuveanul.ro\/stiri\/wp-content\/uploads\/2016\/12\/Toma-Petcu-2.jpg 739w\" sizes=\"auto, (max-width: 416px) 100vw, 416px\" \/><\/a>Noul deputat \u00een Camera Deputa\u0163ilor, giurgiuveanul <strong>Toma Florin Petcu<\/strong> a <!--more-->fost propus \u00een \u0219edin\u021ba de plen a Parlamentului pe lista Comisiei pentru mediu \u015fi echilibru ecologic.<\/p>\n<p style=\"text-align: justify;\">Ulterior, comisia format\u0103 din 15 membri l-a votat pre\u0219edinte al acesteia.<\/p>\n<p style=\"text-align: justify;\"><a href=\"https:\/\/www.giurgiuveanul.ro\/stiri\/wp-content\/uploads\/2016\/12\/Toma-Petcu.jpg\"><img loading=\"lazy\" decoding=\"async\" class=\"aligncenter size-large wp-image-36382\" src=\"https:\/\/www.giurgiuveanul.ro\/stiri\/wp-content\/uploads\/2016\/12\/Toma-Petcu-560x435.jpg\" alt=\"toma-petcu\" width=\"560\" height=\"435\" srcset=\"https:\/\/www.giurgiuveanul.ro\/stiri\/wp-content\/uploads\/2016\/12\/Toma-Petcu-560x435.jpg 560w, https:\/\/www.giurgiuveanul.ro\/stiri\/wp-content\/uploads\/2016\/12\/Toma-Petcu-250x194.jpg 250w, https:\/\/www.giurgiuveanul.ro\/stiri\/wp-content\/uploads\/2016\/12\/Toma-Petcu-400x311.jpg 400w, https:\/\/www.giurgiuveanul.ro\/stiri\/wp-content\/uploads\/2016\/12\/Toma-Petcu.jpg 800w\" sizes=\"auto, (max-width: 560px) 100vw, 560px\" \/><\/a><\/p>\n<p style=\"text-align: justify;\">Amintim c\u0103 deputatul Toma Florin Petcu a fost primul pe lista ALDE la Camera Deputa\u0163ilor, pentru alegerile din Rom\u00e2nia de pe 11 decembrie a.c., fiind totodat\u0103 singurul parlamentar giurgiuvean ales \u00een acest for din cadrul Partidului Alian\u021ba Liberalilor \u0219i Democra\u021bilor.<\/p>\n<p style=\"text-align: justify;\">.<\/p>\n","protected":false},"excerpt":{"rendered":"<p>Noul deputat \u00een Camera Deputa\u0163ilor, giurgiuveanul Toma Florin Petcu a<\/p>\n","protected":false},"author":2,"featured_media":0,"comment_status":"open","ping_status":"open","sticky":false,"template":"","format":"standard","meta":{"footnotes":""},"categories":[8],"tags":[],"class_list":["post-36380","post","type-post","status-publish","format-standard","hentry","category-alert-news"],"_links":{"self":[{"href":"https:\/\/www.giurgiuveanul.ro\/stiri\/wp-json\/wp\/v2\/posts\/36380","targetHints":{"allow":["GET"]}}],"collection":[{"href":"https:\/\/www.giurgiuveanul.ro\/stiri\/wp-json\/wp\/v2\/posts"}],"about":[{"href":"https:\/\/www.giurgiuveanul.ro\/stiri\/wp-json\/wp\/v2\/types\/post"}],"author":[{"embeddable":true,"href":"https:\/\/www.giurgiuveanul.ro\/stiri\/wp-json\/wp\/v2\/users\/2"}],"replies":[{"embeddable":true,"href":"https:\/\/www.giurgiuveanul.ro\/stiri\/wp-json\/wp\/v2\/comments?post=36380"}],"version-history":[{"count":0,"href":"https:\/\/www.giurgiuveanul.ro\/stiri\/wp-json\/wp\/v2\/posts\/36380\/revisions"}],"wp:attachment":[{"href":"https:\/\/www.giurgiuveanul.ro\/stiri\/wp-json\/wp\/v2\/media?parent=36380"}],"wp:term":[{"taxonomy":"category","embeddable":true,"href":"https:\/\/www.giurgiuveanul.ro\/stiri\/wp-json\/wp\/v2\/categories?post=36380"},{"taxonomy":"post_tag","embeddable":true,"href":"https:\/\/www.giurgiuveanul.ro\/stiri\/wp-json\/wp\/v2\/tags?post=36380"}],"curies":[{"name":"wp","href":"https:\/\/api.w.org\/{rel}","templated":true}]}}