{"id":36440,"date":"2016-12-26T11:34:29","date_gmt":"2016-12-26T09:34:29","guid":{"rendered":"https:\/\/www.giurgiuveanul.ro\/stiri\/?p=36440"},"modified":"2016-12-26T11:37:58","modified_gmt":"2016-12-26T09:37:58","slug":"credem-ca-va-intereseaza-cum-vor-circula-trenurile-intre-craciun-si-revelion","status":"publish","type":"post","link":"https:\/\/www.giurgiuveanul.ro\/stiri\/credem-ca-va-intereseaza-cum-vor-circula-trenurile-intre-craciun-si-revelion\/","title":{"rendered":"Credem c\u0103 v\u0103 intereseaz\u0103: Cum vor circula trenurile \u00eentre Cr\u0103ciun \u015fi Revelion"},"content":{"rendered":"<p style=\"text-align: justify;\"><a href=\"https:\/\/www.giurgiuveanul.ro\/stiri\/wp-content\/uploads\/2016\/12\/tren_iarna.jpg\"><img loading=\"lazy\" decoding=\"async\" class=\"aligncenter size-large wp-image-36441\" src=\"https:\/\/www.giurgiuveanul.ro\/stiri\/wp-content\/uploads\/2016\/12\/tren_iarna-560x350.jpg\" alt=\"tren_iarna\" width=\"560\" height=\"350\" srcset=\"https:\/\/www.giurgiuveanul.ro\/stiri\/wp-content\/uploads\/2016\/12\/tren_iarna-560x350.jpg 560w, https:\/\/www.giurgiuveanul.ro\/stiri\/wp-content\/uploads\/2016\/12\/tren_iarna-250x156.jpg 250w, https:\/\/www.giurgiuveanul.ro\/stiri\/wp-content\/uploads\/2016\/12\/tren_iarna-400x250.jpg 400w, https:\/\/www.giurgiuveanul.ro\/stiri\/wp-content\/uploads\/2016\/12\/tren_iarna.jpg 1200w\" sizes=\"auto, (max-width: 560px) 100vw, 560px\" \/><\/a>Reprezentan\u0163ii CFR C\u0103l\u0103tori au precizat c\u0103 <!--more-->vor fi suplimentate, cu aproximativ 50 de vagoane clas\u0103, vagoane de dormit \u015fi cu\u015fete, trenurile care circul\u0103 pe cele mai folosite rute, din Bucure\u015fti spre Craiova, Bra\u015fov, Bicaz, Boto\u015fani, Ia\u015fi, Timi\u015foara, Baia Mare, Arad, Suceava \u015fi Vatra Dornei.<\/p>\n<p style=\"text-align: justify;\">Vor fi suplimentate cu vagoane \u015fi trenurile care fac leg\u0103tura \u00eentre sta\u0163iunile de pe Valea Prahovei \u015fi principalele ora\u015fe ale \u0163\u0103rii.<\/p>\n<p style=\"text-align: justify;\">\u00cen zilele cu trafic redus de c\u0103l\u0103tori, din perioada <strong>25 decembrie \u2013 4 ianuarie,<\/strong> vor fi anulate unele trenuri InterRegio \u015fi Regio, acestea urm\u00e2nd s\u0103 fie comunicate \u00een sta\u0163iile de plec\u0103ri\/sosiri.<\/p>\n<p style=\"text-align: justify;\">Agen\u0163iile de voiaj CFR vor avea program obi\u015fnuit de lucru \u00een 23 \u015fi 30 decembrie \u015fi program \u00eentre orele 08.00 \u015fi 15.30 \u00een zilele de 24, 27, 31 decembrie \u015fi 3 ianuarie.<\/p>\n<p style=\"text-align: justify;\">\u00cen 25, 26 decembrie \u015fi 1, 2 ianuarie, agen\u0163iile de voiaj CFR vor fi \u00eenchise.<\/p>\n","protected":false},"excerpt":{"rendered":"<p>Reprezentan\u0163ii CFR C\u0103l\u0103tori au precizat c\u0103<\/p>\n","protected":false},"author":2,"featured_media":0,"comment_status":"open","ping_status":"open","sticky":false,"template":"","format":"standard","meta":{"footnotes":""},"categories":[8],"tags":[],"class_list":["post-36440","post","type-post","status-publish","format-standard","hentry","category-alert-news"],"_links":{"self":[{"href":"https:\/\/www.giurgiuveanul.ro\/stiri\/wp-json\/wp\/v2\/posts\/36440","targetHints":{"allow":["GET"]}}],"collection":[{"href":"https:\/\/www.giurgiuveanul.ro\/stiri\/wp-json\/wp\/v2\/posts"}],"about":[{"href":"https:\/\/www.giurgiuveanul.ro\/stiri\/wp-json\/wp\/v2\/types\/post"}],"author":[{"embeddable":true,"href":"https:\/\/www.giurgiuveanul.ro\/stiri\/wp-json\/wp\/v2\/users\/2"}],"replies":[{"embeddable":true,"href":"https:\/\/www.giurgiuveanul.ro\/stiri\/wp-json\/wp\/v2\/comments?post=36440"}],"version-history":[{"count":0,"href":"https:\/\/www.giurgiuveanul.ro\/stiri\/wp-json\/wp\/v2\/posts\/36440\/revisions"}],"wp:attachment":[{"href":"https:\/\/www.giurgiuveanul.ro\/stiri\/wp-json\/wp\/v2\/media?parent=36440"}],"wp:term":[{"taxonomy":"category","embeddable":true,"href":"https:\/\/www.giurgiuveanul.ro\/stiri\/wp-json\/wp\/v2\/categories?post=36440"},{"taxonomy":"post_tag","embeddable":true,"href":"https:\/\/www.giurgiuveanul.ro\/stiri\/wp-json\/wp\/v2\/tags?post=36440"}],"curies":[{"name":"wp","href":"https:\/\/api.w.org\/{rel}","templated":true}]}}