{"id":36462,"date":"2016-12-27T08:46:58","date_gmt":"2016-12-27T06:46:58","guid":{"rendered":"https:\/\/www.giurgiuveanul.ro\/stiri\/?p=36462"},"modified":"2016-12-27T08:49:42","modified_gmt":"2016-12-27T06:49:42","slug":"la-multi-ani-stefania-stefan","status":"publish","type":"post","link":"https:\/\/www.giurgiuveanul.ro\/stiri\/la-multi-ani-stefania-stefan\/","title":{"rendered":"La Mul\u0163i Ani, \u015etefania, \u015etefan!"},"content":{"rendered":"<p style=\"text-align: justify;\"><a href=\"https:\/\/www.giurgiuveanul.ro\/stiri\/wp-content\/uploads\/2016\/12\/sfantul-arhidiacon-stefan-8.jpg\"><img loading=\"lazy\" decoding=\"async\" class=\"aligncenter size-full wp-image-36463\" src=\"https:\/\/www.giurgiuveanul.ro\/stiri\/wp-content\/uploads\/2016\/12\/sfantul-arhidiacon-stefan-8.jpg\" alt=\"sfantul-arhidiacon-stefan-8\" width=\"450\" height=\"405\" srcset=\"https:\/\/www.giurgiuveanul.ro\/stiri\/wp-content\/uploads\/2016\/12\/sfantul-arhidiacon-stefan-8.jpg 450w, https:\/\/www.giurgiuveanul.ro\/stiri\/wp-content\/uploads\/2016\/12\/sfantul-arhidiacon-stefan-8-250x225.jpg 250w, https:\/\/www.giurgiuveanul.ro\/stiri\/wp-content\/uploads\/2016\/12\/sfantul-arhidiacon-stefan-8-400x360.jpg 400w\" sizes=\"auto, (max-width: 450px) 100vw, 450px\" \/><\/a>Sf\u00e2ntul \u015etefan este pr\u0103znuit de c\u0103tre Biserica Ortodox\u0103 \u00een fiecare an pe 27 decembrie. Conform <!--more-->Noului Testament, \u015etefan se tr\u0103gea din Ierusalim \u015fi avea origini iudeice. De asemenea, Sf\u00e2ntul \u015etefan este recunoscut c\u0103 fiind primul martir cre\u015ftin care a fost condamnat de c\u0103tre autorit\u0103\u0163ile Iudaice. Iisus Hristos l-a luat sub aripa s\u0103, s\u0103 \u00eel urmeze pretutindeni \u015fi s\u0103 ia parte la faptele \u015fi minunile sale. Sf\u00e2ntul \u015etefan a fost numit Arhidiacon, func\u0163ie care prevedea c\u0103 el s\u0103 \u00eei conduc\u0103 pe diaconi.<\/p>\n<p style=\"text-align: justify;\">Dat fiind faptul c\u0103 rolul diaconului \u00een biserica de odat\u0103 era mult mai important dec\u00e2t cel din zilele noastre, \u015etefan a st\u00e2rnit aten\u0163ia fariseilor. Ace\u015ftia erau nemul\u0163umi\u0163i de faptul c\u0103 el \u00eencearc\u0103 s\u0103 aduc\u0103 oamenii de partea s\u0103 \u015fi s\u0103 \u00eei converteasc\u0103 la cre\u015ftinism prin predicile despre \u00eenv\u0103\u0163\u0103turile lui Hristos. La pu\u0163in timp dup\u0103 ce a devenit diacon, \u015etefan a fost dus \u00eenaintea Sinedriului, sub acuza\u0163ia de blasfemie la adresa lui Moise \u015fi a lui Dumnezeu. Interogat de c\u0103tre Caiafa, cel care \u00eel judecase \u015fi pe M\u00e2ntuitorul nostru Iisus Hristos, \u015etefan \u00eei acuz\u0103 pe cei care doreau c\u0103 el s\u0103 piar\u0103.<\/p>\n<p style=\"text-align: justify;\"><a href=\"https:\/\/www.giurgiuveanul.ro\/stiri\/wp-content\/uploads\/2016\/12\/Sf-Stefan-1024x768.jpg\"><img loading=\"lazy\" decoding=\"async\" class=\"aligncenter size-large wp-image-36464\" src=\"https:\/\/www.giurgiuveanul.ro\/stiri\/wp-content\/uploads\/2016\/12\/Sf-Stefan-1024x768-381x450.jpg\" alt=\"sf-stefan-1024x768\" width=\"381\" height=\"450\" srcset=\"https:\/\/www.giurgiuveanul.ro\/stiri\/wp-content\/uploads\/2016\/12\/Sf-Stefan-1024x768-381x450.jpg 381w, https:\/\/www.giurgiuveanul.ro\/stiri\/wp-content\/uploads\/2016\/12\/Sf-Stefan-1024x768-250x295.jpg 250w, https:\/\/www.giurgiuveanul.ro\/stiri\/wp-content\/uploads\/2016\/12\/Sf-Stefan-1024x768-400x473.jpg 400w, https:\/\/www.giurgiuveanul.ro\/stiri\/wp-content\/uploads\/2016\/12\/Sf-Stefan-1024x768.jpg 650w\" sizes=\"auto, (max-width: 381px) 100vw, 381px\" \/><\/a><\/p>\n<p style=\"text-align: justify;\">G\u0103sit vinovat de blasfemie, Sf\u00e2ntul \u015etefan este condamnat la moarte prin lapidare. Odat\u0103 ce afl\u0103 sentin\u0163a, sf\u00e2ntul a avut o teofanie \u015fi le-a spus iudeilor: \u201eIat\u0103 v\u0103d cerurile deschise \u015fi pe Fiul Omului stand de-a dreapta lui Dumnezeu&#8221;.<\/p>\n<p style=\"text-align: justify;\">Celor care poart\u0103 numele sau derivate ale numelui Sf\u00e2ntului \u0218tefan, respectiv: \u015etefana, \u015etef\u0103nu\u0163, \u015etefanela, \u015etef\u0103ni\u0163\u0103, \u015etef\u0103nic\u0103, Stefanos, \u015etefania, \u015etefanida, \u015etefanel, F\u0103nica, F\u0103nel, Fane, Fanache, Fana \u00a0\u201eLa Mul\u021bi Ani\u201d. V\u0103 dorim s\u0103 fi\u021bi s\u0103n\u0103to\u0219i, \u00eemp\u0103ca\u021bi \u0219i plini de bucurie!<\/p>\n","protected":false},"excerpt":{"rendered":"<p>Sf\u00e2ntul \u015etefan este pr\u0103znuit de c\u0103tre Biserica Ortodox\u0103 \u00een fiecare an pe 27 decembrie. Conform<\/p>\n","protected":false},"author":2,"featured_media":0,"comment_status":"open","ping_status":"open","sticky":false,"template":"","format":"standard","meta":{"footnotes":""},"categories":[16],"tags":[],"class_list":["post-36462","post","type-post","status-publish","format-standard","hentry","category-astazi-e-ziua-ta"],"_links":{"self":[{"href":"https:\/\/www.giurgiuveanul.ro\/stiri\/wp-json\/wp\/v2\/posts\/36462","targetHints":{"allow":["GET"]}}],"collection":[{"href":"https:\/\/www.giurgiuveanul.ro\/stiri\/wp-json\/wp\/v2\/posts"}],"about":[{"href":"https:\/\/www.giurgiuveanul.ro\/stiri\/wp-json\/wp\/v2\/types\/post"}],"author":[{"embeddable":true,"href":"https:\/\/www.giurgiuveanul.ro\/stiri\/wp-json\/wp\/v2\/users\/2"}],"replies":[{"embeddable":true,"href":"https:\/\/www.giurgiuveanul.ro\/stiri\/wp-json\/wp\/v2\/comments?post=36462"}],"version-history":[{"count":0,"href":"https:\/\/www.giurgiuveanul.ro\/stiri\/wp-json\/wp\/v2\/posts\/36462\/revisions"}],"wp:attachment":[{"href":"https:\/\/www.giurgiuveanul.ro\/stiri\/wp-json\/wp\/v2\/media?parent=36462"}],"wp:term":[{"taxonomy":"category","embeddable":true,"href":"https:\/\/www.giurgiuveanul.ro\/stiri\/wp-json\/wp\/v2\/categories?post=36462"},{"taxonomy":"post_tag","embeddable":true,"href":"https:\/\/www.giurgiuveanul.ro\/stiri\/wp-json\/wp\/v2\/tags?post=36462"}],"curies":[{"name":"wp","href":"https:\/\/api.w.org\/{rel}","templated":true}]}}