{"id":36548,"date":"2016-12-30T17:14:28","date_gmt":"2016-12-30T15:14:28","guid":{"rendered":"https:\/\/www.giurgiuveanul.ro\/stiri\/?p=36548"},"modified":"2016-12-30T17:14:28","modified_gmt":"2016-12-30T15:14:28","slug":"incendiu-in-stanesti","status":"publish","type":"post","link":"https:\/\/www.giurgiuveanul.ro\/stiri\/incendiu-in-stanesti\/","title":{"rendered":"INCENDIU \u00een St\u0103ne\u015fti!"},"content":{"rendered":"<p style=\"text-align: justify;\"><strong><a href=\"https:\/\/www.giurgiuveanul.ro\/stiri\/wp-content\/uploads\/2016\/12\/IMG-20161230-WA0008.jpg\"><img loading=\"lazy\" decoding=\"async\" class=\"aligncenter size-large wp-image-36549\" src=\"https:\/\/www.giurgiuveanul.ro\/stiri\/wp-content\/uploads\/2016\/12\/IMG-20161230-WA0008-560x315.jpg\" alt=\"img-20161230-wa0008\" width=\"560\" height=\"315\" srcset=\"https:\/\/www.giurgiuveanul.ro\/stiri\/wp-content\/uploads\/2016\/12\/IMG-20161230-WA0008-560x315.jpg 560w, https:\/\/www.giurgiuveanul.ro\/stiri\/wp-content\/uploads\/2016\/12\/IMG-20161230-WA0008-250x141.jpg 250w, https:\/\/www.giurgiuveanul.ro\/stiri\/wp-content\/uploads\/2016\/12\/IMG-20161230-WA0008-400x225.jpg 400w, https:\/\/www.giurgiuveanul.ro\/stiri\/wp-content\/uploads\/2016\/12\/IMG-20161230-WA0008.jpg 1599w\" sizes=\"auto, (max-width: 560px) 100vw, 560px\" \/><\/a>A\u015fa a sunat apelul la 112. Persoana care a cerut ajutorul pompierilor a<!--more--> anun\u0163at un incendiu izbucnit la acoperi\u015ful unei case din St\u0103ne\u015fti, ast\u0103zi, la ora 14:41,<\/strong><\/p>\n<p style=\"text-align: justify;\">La fa\u021ba locului s-au deplasat pompieri din cadrul Deta\u015famentului Giurgiu. Ajun\u0219i la casa cu pricina, ace\u0219tia au constatat c\u0103 nu era vorba de un incendiu, ci de un co\u015f \u00eenfundat.<\/p>\n<p style=\"text-align: justify;\"><a href=\"https:\/\/www.giurgiuveanul.ro\/stiri\/wp-content\/uploads\/2016\/12\/IMG-20161230-WA0007.jpg\"><img loading=\"lazy\" decoding=\"async\" class=\"aligncenter size-large wp-image-36550\" src=\"https:\/\/www.giurgiuveanul.ro\/stiri\/wp-content\/uploads\/2016\/12\/IMG-20161230-WA0007-560x315.jpg\" alt=\"img-20161230-wa0007\" width=\"560\" height=\"315\" srcset=\"https:\/\/www.giurgiuveanul.ro\/stiri\/wp-content\/uploads\/2016\/12\/IMG-20161230-WA0007-560x315.jpg 560w, https:\/\/www.giurgiuveanul.ro\/stiri\/wp-content\/uploads\/2016\/12\/IMG-20161230-WA0007-250x141.jpg 250w, https:\/\/www.giurgiuveanul.ro\/stiri\/wp-content\/uploads\/2016\/12\/IMG-20161230-WA0007-400x225.jpg 400w, https:\/\/www.giurgiuveanul.ro\/stiri\/wp-content\/uploads\/2016\/12\/IMG-20161230-WA0007.jpg 720w\" sizes=\"auto, (max-width: 560px) 100vw, 560px\" \/><\/a><\/p>\n<p style=\"text-align: justify;\">Pompierii au desfundat totu\u015fi co\u015ful.<\/p>\n<p style=\"text-align: justify;\"><em>\u201eNu au fost victime, nici pagube materiale\u201d<\/em>, a declarat pentru Giurgiuveanul purt\u0103torul de cuv\u00e2nt al ISU Giurgiu, sublocotenent <strong>Florin Negu\u0163<\/strong>.<\/p>\n","protected":false},"excerpt":{"rendered":"<p>A\u015fa a sunat apelul la 112. Persoana care a cerut ajutorul pompierilor a<\/p>\n","protected":false},"author":2,"featured_media":0,"comment_status":"open","ping_status":"open","sticky":false,"template":"","format":"standard","meta":{"footnotes":""},"categories":[8],"tags":[],"class_list":["post-36548","post","type-post","status-publish","format-standard","hentry","category-alert-news"],"_links":{"self":[{"href":"https:\/\/www.giurgiuveanul.ro\/stiri\/wp-json\/wp\/v2\/posts\/36548","targetHints":{"allow":["GET"]}}],"collection":[{"href":"https:\/\/www.giurgiuveanul.ro\/stiri\/wp-json\/wp\/v2\/posts"}],"about":[{"href":"https:\/\/www.giurgiuveanul.ro\/stiri\/wp-json\/wp\/v2\/types\/post"}],"author":[{"embeddable":true,"href":"https:\/\/www.giurgiuveanul.ro\/stiri\/wp-json\/wp\/v2\/users\/2"}],"replies":[{"embeddable":true,"href":"https:\/\/www.giurgiuveanul.ro\/stiri\/wp-json\/wp\/v2\/comments?post=36548"}],"version-history":[{"count":0,"href":"https:\/\/www.giurgiuveanul.ro\/stiri\/wp-json\/wp\/v2\/posts\/36548\/revisions"}],"wp:attachment":[{"href":"https:\/\/www.giurgiuveanul.ro\/stiri\/wp-json\/wp\/v2\/media?parent=36548"}],"wp:term":[{"taxonomy":"category","embeddable":true,"href":"https:\/\/www.giurgiuveanul.ro\/stiri\/wp-json\/wp\/v2\/categories?post=36548"},{"taxonomy":"post_tag","embeddable":true,"href":"https:\/\/www.giurgiuveanul.ro\/stiri\/wp-json\/wp\/v2\/tags?post=36548"}],"curies":[{"name":"wp","href":"https:\/\/api.w.org\/{rel}","templated":true}]}}