{"id":36618,"date":"2017-01-03T15:03:32","date_gmt":"2017-01-03T13:03:32","guid":{"rendered":"https:\/\/www.giurgiuveanul.ro\/stiri\/?p=36618"},"modified":"2017-01-03T15:03:32","modified_gmt":"2017-01-03T13:03:32","slug":"incendiu-la-casa-din-giurgiu-foto","status":"publish","type":"post","link":"https:\/\/www.giurgiuveanul.ro\/stiri\/incendiu-la-casa-din-giurgiu-foto\/","title":{"rendered":"Incendiu la o cas\u0103 din Giurgiu (FOTO)"},"content":{"rendered":"<p style=\"text-align: justify;\"><a href=\"https:\/\/www.giurgiuveanul.ro\/stiri\/wp-content\/uploads\/2017\/01\/IMG_0928.jpg\"><img loading=\"lazy\" decoding=\"async\" class=\"aligncenter size-large wp-image-36619\" src=\"https:\/\/www.giurgiuveanul.ro\/stiri\/wp-content\/uploads\/2017\/01\/IMG_0928-560x360.jpg\" alt=\"img_0928\" width=\"560\" height=\"360\" srcset=\"https:\/\/www.giurgiuveanul.ro\/stiri\/wp-content\/uploads\/2017\/01\/IMG_0928-560x360.jpg 560w, https:\/\/www.giurgiuveanul.ro\/stiri\/wp-content\/uploads\/2017\/01\/IMG_0928-250x161.jpg 250w, https:\/\/www.giurgiuveanul.ro\/stiri\/wp-content\/uploads\/2017\/01\/IMG_0928-400x257.jpg 400w, https:\/\/www.giurgiuveanul.ro\/stiri\/wp-content\/uploads\/2017\/01\/IMG_0928.jpg 800w\" sizes=\"auto, (max-width: 560px) 100vw, 560px\" \/><\/a>Un incendiu a izbucnit ast\u0103zi, la ora\u00a0<!--more-->13.42, la anexa unei case situat\u0103 \u00een zona Pictor Alexandrescu din Giurgiu.<\/p>\n<p style=\"text-align: justify;\">Dou\u0103 autospeciale de interven\u0163ie din cadrul Deta\u015famentului Giurgiu s-au deplasat la fa\u0163a locului, pompierii intervenind pentru stingerea fl\u0103c\u0103rilor. Se pare c\u0103 fl\u0103c\u0103rile s-au declan\u015fat la o anex\u0103 gospod\u0103reasc\u0103.<\/p>\n<p style=\"text-align: justify;\"><a href=\"https:\/\/www.giurgiuveanul.ro\/stiri\/wp-content\/uploads\/2017\/01\/IMG_0925.jpg\"><img loading=\"lazy\" decoding=\"async\" class=\"aligncenter size-large wp-image-36620\" src=\"https:\/\/www.giurgiuveanul.ro\/stiri\/wp-content\/uploads\/2017\/01\/IMG_0925-552x450.jpg\" alt=\"img_0925\" width=\"552\" height=\"450\" srcset=\"https:\/\/www.giurgiuveanul.ro\/stiri\/wp-content\/uploads\/2017\/01\/IMG_0925-552x450.jpg 552w, https:\/\/www.giurgiuveanul.ro\/stiri\/wp-content\/uploads\/2017\/01\/IMG_0925-250x204.jpg 250w, https:\/\/www.giurgiuveanul.ro\/stiri\/wp-content\/uploads\/2017\/01\/IMG_0925-400x326.jpg 400w, https:\/\/www.giurgiuveanul.ro\/stiri\/wp-content\/uploads\/2017\/01\/IMG_0925.jpg 800w\" sizes=\"auto, (max-width: 552px) 100vw, 552px\" \/><\/a><\/p>\n","protected":false},"excerpt":{"rendered":"<p>Un incendiu a izbucnit ast\u0103zi, la ora\u00a0<\/p>\n","protected":false},"author":2,"featured_media":0,"comment_status":"open","ping_status":"open","sticky":false,"template":"","format":"standard","meta":{"footnotes":""},"categories":[8],"tags":[],"class_list":["post-36618","post","type-post","status-publish","format-standard","hentry","category-alert-news"],"_links":{"self":[{"href":"https:\/\/www.giurgiuveanul.ro\/stiri\/wp-json\/wp\/v2\/posts\/36618","targetHints":{"allow":["GET"]}}],"collection":[{"href":"https:\/\/www.giurgiuveanul.ro\/stiri\/wp-json\/wp\/v2\/posts"}],"about":[{"href":"https:\/\/www.giurgiuveanul.ro\/stiri\/wp-json\/wp\/v2\/types\/post"}],"author":[{"embeddable":true,"href":"https:\/\/www.giurgiuveanul.ro\/stiri\/wp-json\/wp\/v2\/users\/2"}],"replies":[{"embeddable":true,"href":"https:\/\/www.giurgiuveanul.ro\/stiri\/wp-json\/wp\/v2\/comments?post=36618"}],"version-history":[{"count":0,"href":"https:\/\/www.giurgiuveanul.ro\/stiri\/wp-json\/wp\/v2\/posts\/36618\/revisions"}],"wp:attachment":[{"href":"https:\/\/www.giurgiuveanul.ro\/stiri\/wp-json\/wp\/v2\/media?parent=36618"}],"wp:term":[{"taxonomy":"category","embeddable":true,"href":"https:\/\/www.giurgiuveanul.ro\/stiri\/wp-json\/wp\/v2\/categories?post=36618"},{"taxonomy":"post_tag","embeddable":true,"href":"https:\/\/www.giurgiuveanul.ro\/stiri\/wp-json\/wp\/v2\/tags?post=36618"}],"curies":[{"name":"wp","href":"https:\/\/api.w.org\/{rel}","templated":true}]}}