{"id":36634,"date":"2017-01-04T06:05:54","date_gmt":"2017-01-04T04:05:54","guid":{"rendered":"https:\/\/www.giurgiuveanul.ro\/stiri\/?p=36634"},"modified":"2017-01-04T06:06:28","modified_gmt":"2017-01-04T04:06:28","slug":"la-multi-ani-presedintelui-consiliului-judetean-giurgiu-marian-mina","status":"publish","type":"post","link":"https:\/\/www.giurgiuveanul.ro\/stiri\/la-multi-ani-presedintelui-consiliului-judetean-giurgiu-marian-mina\/","title":{"rendered":"La Mul\u021bi Ani, pre\u015fedintelui Consiliului Jude\u0163ean Giurgiu, Marian Mina!"},"content":{"rendered":"<p style=\"text-align: justify;\"><a href=\"https:\/\/www.giurgiuveanul.ro\/stiri\/wp-content\/uploads\/2017\/01\/14449797_1107268089357166_5949493800533516576_n.jpg\"><img loading=\"lazy\" decoding=\"async\" class=\"aligncenter size-large wp-image-36635\" src=\"https:\/\/www.giurgiuveanul.ro\/stiri\/wp-content\/uploads\/2017\/01\/14449797_1107268089357166_5949493800533516576_n-450x450.jpg\" alt=\"14449797_1107268089357166_5949493800533516576_n\" width=\"450\" height=\"450\" srcset=\"https:\/\/www.giurgiuveanul.ro\/stiri\/wp-content\/uploads\/2017\/01\/14449797_1107268089357166_5949493800533516576_n-450x450.jpg 450w, https:\/\/www.giurgiuveanul.ro\/stiri\/wp-content\/uploads\/2017\/01\/14449797_1107268089357166_5949493800533516576_n-250x250.jpg 250w, https:\/\/www.giurgiuveanul.ro\/stiri\/wp-content\/uploads\/2017\/01\/14449797_1107268089357166_5949493800533516576_n-200x200.jpg 200w, https:\/\/www.giurgiuveanul.ro\/stiri\/wp-content\/uploads\/2017\/01\/14449797_1107268089357166_5949493800533516576_n-400x400.jpg 400w, https:\/\/www.giurgiuveanul.ro\/stiri\/wp-content\/uploads\/2017\/01\/14449797_1107268089357166_5949493800533516576_n.jpg 689w\" sizes=\"auto, (max-width: 450px) 100vw, 450px\" \/><\/a>Unul dintre cei mai <!--more-->tineri pre\u015fedin\u0163i de consilii jude\u0163ene din Rom\u00e2nia, <strong>Marian Mina<\/strong>, schimb\u0103 ast\u0103zi \u201eprefixul\u201d.<\/p>\n<p style=\"text-align: justify;\">A\u015fadar, cele mai sincere ur\u0103ri aniversare, \u00een zi de na\u015ftere, pre\u015fedintelui Consiliului Jude\u0163ean Giurgiu, <strong>Marian Mina<\/strong>, mult\u0103 s\u0103n\u0103tate, \u00eempliniri \u015fi bucurii al\u0103turi de cei dragi!<\/p>\n<p style=\"text-align: center;\"><em>La Mul\u0163i Ani, domnule pre\u015fedinte!<\/em><\/p>\n<p>&nbsp;<\/p>\n","protected":false},"excerpt":{"rendered":"<p>Unul dintre cei mai<\/p>\n","protected":false},"author":2,"featured_media":0,"comment_status":"open","ping_status":"open","sticky":false,"template":"","format":"standard","meta":{"footnotes":""},"categories":[16],"tags":[],"class_list":["post-36634","post","type-post","status-publish","format-standard","hentry","category-astazi-e-ziua-ta"],"_links":{"self":[{"href":"https:\/\/www.giurgiuveanul.ro\/stiri\/wp-json\/wp\/v2\/posts\/36634","targetHints":{"allow":["GET"]}}],"collection":[{"href":"https:\/\/www.giurgiuveanul.ro\/stiri\/wp-json\/wp\/v2\/posts"}],"about":[{"href":"https:\/\/www.giurgiuveanul.ro\/stiri\/wp-json\/wp\/v2\/types\/post"}],"author":[{"embeddable":true,"href":"https:\/\/www.giurgiuveanul.ro\/stiri\/wp-json\/wp\/v2\/users\/2"}],"replies":[{"embeddable":true,"href":"https:\/\/www.giurgiuveanul.ro\/stiri\/wp-json\/wp\/v2\/comments?post=36634"}],"version-history":[{"count":0,"href":"https:\/\/www.giurgiuveanul.ro\/stiri\/wp-json\/wp\/v2\/posts\/36634\/revisions"}],"wp:attachment":[{"href":"https:\/\/www.giurgiuveanul.ro\/stiri\/wp-json\/wp\/v2\/media?parent=36634"}],"wp:term":[{"taxonomy":"category","embeddable":true,"href":"https:\/\/www.giurgiuveanul.ro\/stiri\/wp-json\/wp\/v2\/categories?post=36634"},{"taxonomy":"post_tag","embeddable":true,"href":"https:\/\/www.giurgiuveanul.ro\/stiri\/wp-json\/wp\/v2\/tags?post=36634"}],"curies":[{"name":"wp","href":"https:\/\/api.w.org\/{rel}","templated":true}]}}