{"id":36657,"date":"2017-01-04T13:29:53","date_gmt":"2017-01-04T11:29:53","guid":{"rendered":"https:\/\/www.giurgiuveanul.ro\/stiri\/?p=36657"},"modified":"2017-01-04T13:29:53","modified_gmt":"2017-01-04T11:29:53","slug":"razvan-cuc-primit-aviz-favorabil-voi-continua-proiectele-incepute-pe-vremea-cand-fost-secretar-de-stat","status":"publish","type":"post","link":"https:\/\/www.giurgiuveanul.ro\/stiri\/razvan-cuc-primit-aviz-favorabil-voi-continua-proiectele-incepute-pe-vremea-cand-fost-secretar-de-stat\/","title":{"rendered":"R\u0103zvan Cuc a primit aviz favorabil. \u201eVoi continua proiectele \u00eencepute pe vremea c\u00e2nd am fost secretar de stat\u201d"},"content":{"rendered":"<p style=\"text-align: justify;\"><strong><a href=\"https:\/\/www.giurgiuveanul.ro\/stiri\/wp-content\/uploads\/2017\/01\/Razvan-Cuc.jpg\"><img loading=\"lazy\" decoding=\"async\" class=\"aligncenter size-large wp-image-36658\" src=\"https:\/\/www.giurgiuveanul.ro\/stiri\/wp-content\/uploads\/2017\/01\/Razvan-Cuc-560x356.jpg\" alt=\"razvan-cuc\" width=\"560\" height=\"356\" srcset=\"https:\/\/www.giurgiuveanul.ro\/stiri\/wp-content\/uploads\/2017\/01\/Razvan-Cuc-560x356.jpg 560w, https:\/\/www.giurgiuveanul.ro\/stiri\/wp-content\/uploads\/2017\/01\/Razvan-Cuc-250x159.jpg 250w, https:\/\/www.giurgiuveanul.ro\/stiri\/wp-content\/uploads\/2017\/01\/Razvan-Cuc-400x254.jpg 400w, https:\/\/www.giurgiuveanul.ro\/stiri\/wp-content\/uploads\/2017\/01\/Razvan-Cuc.jpg 800w\" sizes=\"auto, (max-width: 560px) 100vw, 560px\" \/><\/a>Ministrul propus al Transporturilor, R\u0103zvan Cuc, a declarat, miercuri, c\u0103 nu dore\u0219te s\u0103<!--more--> dea niciun termen pentru realizarea proiectelor actuale de autostr\u0103zi \u0219i nu vrea s\u0103 promit\u0103 finalizarea niciunui kilometru de autostrad\u0103.<\/strong><\/p>\n<p style=\"text-align: justify;\"><em>&#8222;Avem un program de guvernare, etapizat, care va fi pus \u00een aplicare, \u0219i rutier, \u0219i feroviar, \u0219i naval, \u0219i de avia\u021bie. Nu vreau s\u0103 m\u0103 gr\u0103besc s\u0103 dau un termen acum, pentru c\u0103 trebuie revizuit\u0103 \u0219i legisla\u021bia \u00een domeniul achizi\u021biilor publice privind infrastructurile mari. Trebuie schimbat pentru c\u0103 sunt proceduri foarte grele \u0219i sunt multe lucruri care trebuie modificate \u00een legisla\u021bie&#8221;,<\/em> a sus\u021binut el.<\/p>\n<p style=\"text-align: justify;\">\u00centrebat de reporteri c\u00e2\u021bi kilometri de autostrad\u0103 promite, \u00een condi\u021biile \u00een care anul trecut nu s-a inaugurat niciun kilometru, el a r\u0103spuns:<\/p>\n<p style=\"text-align: justify;\"><em>\u201eNu promit niciun kilometru de autostrad\u0103. Sunt loturile avansate, le cunoa\u0219te\u021bi, \u0219i Sebe\u0219 \u2014 Turda \u0219i Lugoj \u2014 Deva sunt loturi avansate \u0219i lucr\u0103m\u201d. <\/em><\/p>\n<p style=\"text-align: justify;\">Cuc a ad\u0103ugat c\u0103 va continua proiectele \u00eencepute c\u00e2nd a fost secretar de stat \u00een acela\u0219i minister. El a subliniat c\u0103 \u00ee\u0219i dore\u0219te aducerea TAROM pe profit.<\/p>\n<p style=\"text-align: justify;\"><em>\u201eAm coordonat activitatea sectorului aerian \u0219i rutier. M\u0103 \u00eentorc cu proiectele referitoare la TAROM, care sunt punctul de suflet al meu. Este o companie rom\u00e2neasc\u0103 \u0219i care doresc s\u0103 intre pe profit, put\u00e2nd s\u0103 intre \u00een competi\u021bie cu celelalte companii. Este punctul pe care mi l-am propus \u0219i mi-l asum. Eu personal nu repro\u0219ez nimic, pentru c\u0103 a\u0219a cum am spus \u0219i \u00een comisie, am luat decizia de a-l elibera pe domnul Heinzman din func\u021bie pentru ne\u00eendeplinirea criteriilor de performan\u021b\u0103, deci nu am ce s\u0103 repro\u0219ez. Probabil c\u0103 actualul management din perioada anterioar\u0103 nu \u0219i-a dus la \u00eendeplinire parametrul \u00een care trebuiau s\u0103 conduc\u0103 compania. De altfel, compania va fi pe pierdere. Vom face o analiz\u0103 \u0219i vom vedea&#8221;<\/em>, a ad\u0103ugat R\u0103zvan Cuc.<\/p>\n<p style=\"text-align: justify;\">Ministrul propus al Transporturilor, R\u0103zvan Alexandru Cuc, a primit aviz favorabil din partea comisiilor reunite de specialitate din Parlament, cu 37 de voturi pentru, 13 voturi \u00eempotriv\u0103 \u0219i o ab\u021binere.<\/p>\n<p style=\"text-align: justify;\">\u00cen cadrul audierilor din Comisia pentru politic\u0103 economic\u0103, reform\u0103 \u0219i privatizare \u0219i Comisia pentru transporturi \u0219i infrastructur\u0103 din Camera Deputa\u021bilor, respectiv Comisia economic\u0103, industrii \u0219i servicii \u0219i Comisia pentru transporturi \u0219i energie din Senat, Cuc a sus\u021binut faptul c\u0103 Rom\u00e2nia sufer\u0103 la capitolul infrastructur\u0103 de transport, cu doar aproape 850 de kilometri de autostrad\u0103 finaliza\u021bi sau \u00een curs de finalizare.<\/p>\n<p style=\"text-align: justify;\"><em>&#8222;Una dintre problemele majore din domeniul Transporturilor este lipsa unei infrastructuri rutiere adecvate. Avem, la ora actual\u0103, mai pu\u021bin de 700 km de autostrad\u0103 \u0219i mai pu\u021bin de 150 km de autostrad\u0103 \u00een construc\u021bie. Transportul feroviar este \u0219i el \u00eentr-o degradare accentuat\u0103. \u00cen cazul transportului maritim<\/em> \u0219i transportului fluvial, acestea au r\u0103mas \u00eenc\u0103 exploatate sub posibilit\u0103\u021bi&#8221;, a men\u021bionat R\u0103zvan Cuc.<\/p>\n<p style=\"text-align: justify;\">Acesta a men\u021bionat c\u0103 Masterplanul de transport va intra la vot \u00een Parlament \u00een primul trimestru al acestui an, iar \u00een ceea ce prive\u0219te autostrada Pite\u0219ti \u2014 Sibiu, <em>&#8222;trebuie finalizate studiile aferente&#8221;<\/em> pentru a continua proiectul.<\/p>\n","protected":false},"excerpt":{"rendered":"<p>Ministrul propus al Transporturilor, R\u0103zvan Cuc, a declarat, miercuri, c\u0103 nu dore\u0219te s\u0103<\/p>\n","protected":false},"author":2,"featured_media":0,"comment_status":"open","ping_status":"open","sticky":false,"template":"","format":"standard","meta":{"footnotes":""},"categories":[8],"tags":[],"class_list":["post-36657","post","type-post","status-publish","format-standard","hentry","category-alert-news"],"_links":{"self":[{"href":"https:\/\/www.giurgiuveanul.ro\/stiri\/wp-json\/wp\/v2\/posts\/36657","targetHints":{"allow":["GET"]}}],"collection":[{"href":"https:\/\/www.giurgiuveanul.ro\/stiri\/wp-json\/wp\/v2\/posts"}],"about":[{"href":"https:\/\/www.giurgiuveanul.ro\/stiri\/wp-json\/wp\/v2\/types\/post"}],"author":[{"embeddable":true,"href":"https:\/\/www.giurgiuveanul.ro\/stiri\/wp-json\/wp\/v2\/users\/2"}],"replies":[{"embeddable":true,"href":"https:\/\/www.giurgiuveanul.ro\/stiri\/wp-json\/wp\/v2\/comments?post=36657"}],"version-history":[{"count":0,"href":"https:\/\/www.giurgiuveanul.ro\/stiri\/wp-json\/wp\/v2\/posts\/36657\/revisions"}],"wp:attachment":[{"href":"https:\/\/www.giurgiuveanul.ro\/stiri\/wp-json\/wp\/v2\/media?parent=36657"}],"wp:term":[{"taxonomy":"category","embeddable":true,"href":"https:\/\/www.giurgiuveanul.ro\/stiri\/wp-json\/wp\/v2\/categories?post=36657"},{"taxonomy":"post_tag","embeddable":true,"href":"https:\/\/www.giurgiuveanul.ro\/stiri\/wp-json\/wp\/v2\/tags?post=36657"}],"curies":[{"name":"wp","href":"https:\/\/api.w.org\/{rel}","templated":true}]}}