{"id":36699,"date":"2017-01-05T18:03:01","date_gmt":"2017-01-05T16:03:01","guid":{"rendered":"https:\/\/www.giurgiuveanul.ro\/stiri\/?p=36699"},"modified":"2017-01-05T18:03:01","modified_gmt":"2017-01-05T16:03:01","slug":"autoritatile-din-giurgiu-pregatite-pentru-deszapezire","status":"publish","type":"post","link":"https:\/\/www.giurgiuveanul.ro\/stiri\/autoritatile-din-giurgiu-pregatite-pentru-deszapezire\/","title":{"rendered":"Autorit\u0103\u0163ile din Giurgiu, preg\u0103tite pentru desz\u0103pezire"},"content":{"rendered":"<p style=\"text-align: justify;\"><strong><a href=\"https:\/\/www.giurgiuveanul.ro\/stiri\/wp-content\/uploads\/2017\/01\/ninsoare_fanatik_ro_58571700.jpg\"><img loading=\"lazy\" decoding=\"async\" class=\"aligncenter size-large wp-image-36700\" src=\"https:\/\/www.giurgiuveanul.ro\/stiri\/wp-content\/uploads\/2017\/01\/ninsoare_fanatik_ro_58571700-560x316.jpg\" alt=\"ninsoare_fanatik_ro_58571700\" width=\"560\" height=\"316\" srcset=\"https:\/\/www.giurgiuveanul.ro\/stiri\/wp-content\/uploads\/2017\/01\/ninsoare_fanatik_ro_58571700-560x316.jpg 560w, https:\/\/www.giurgiuveanul.ro\/stiri\/wp-content\/uploads\/2017\/01\/ninsoare_fanatik_ro_58571700-250x141.jpg 250w, https:\/\/www.giurgiuveanul.ro\/stiri\/wp-content\/uploads\/2017\/01\/ninsoare_fanatik_ro_58571700-400x226.jpg 400w, https:\/\/www.giurgiuveanul.ro\/stiri\/wp-content\/uploads\/2017\/01\/ninsoare_fanatik_ro_58571700.jpg 620w\" sizes=\"auto, (max-width: 560px) 100vw, 560px\" \/><\/a>Ca urmare a avertiz\u0103rii de Cod portocaliu de ninsori \u0219i viscol puternic, emis\u0103 de Administra\u021bia Na\u021bional\u0103 de Meteorologie, reprezentan\u0163ii municipalit\u0103\u0163ii <!--more-->s-au reunit pentru a stabili m\u0103surile de interven\u021bie.<\/strong><\/p>\n<p style=\"text-align: justify;\">Potrivit unui comunicat al Prim\u0103riei Giurgiu, ast\u0103zi, reprezentan\u021bii executivului \u0219i directorii societ\u0103\u021bilor responsabile cu desz\u0103pezirea \u00a0au avut ast\u0103zi o \u0219edin\u021b\u0103 de lucru, pentru a stabili modul de ac\u021biune, for\u021bele tehnice \u0219i umane implicate, necesarul de material antiderapant, m\u0103surile de asigurare a utilit\u0103\u0163ilor (ap\u0103, energie electric\u0103, gaz) c\u0103tre popula\u0163ie \u015fi agen\u0163i economici, identificarea persoanelor f\u0103r\u0103 ad\u0103post \u015fi asigurarea caz\u0103rii temporare a acestora etc.<\/p>\n<p style=\"text-align: justify;\">Conform Planului de desz\u0103pezire, se va interveni mai \u00eent\u00e2i pe str\u0103zile din Urgen\u021ba I (intr\u0103rile \u00een ora\u0219, str\u0103zile principale, spitalul, institu\u021biile publice, \u0219colile etc.), ulterior Urgen\u021ba a II-a (str\u0103zile secundare adiacente Urgen\u021bei I) \u0219i abia apoi pe str\u0103zile din Urgen\u021ba a III-a (aleile dintre blocuri, str\u0103zile din cartierele de case etc.).<\/p>\n<p style=\"text-align: justify;\">Se va ac\u021biona cu 140 de persoane \u0219i urm\u0103toarele utilajele de desz\u0103pezire: o autospecial\u0103 lama+s\u0103r\u0103ri\u021b\u0103, o autospecial\u0103 lam\u0103+bazin de clorur\u0103, dou\u0103 autobasculante 8X4 lama+s\u0103r\u0103ri\u021b\u0103, trei autobasculante 8X4 pentru transportat z\u0103pada, 4 platforme de 3.5 tone, trei tractoare cu lam\u0103 frontal\u0103, un multicar, patru buldoexcavatoare \u0219i patru freze de zapad\u0103 pentru trotuar. Dac\u0103 va fi necesar, num\u0103rul utilajelor va fi suplimentat cu dou\u0103 autogredere, dou\u0103 \u00eenc\u0103rc\u0103toare frontale(wola), patru tractoare cu pluguri, dou\u0103 autobasculante 8x$ cu lam\u0103 + s\u0103r\u0103ri\u021b\u0103.<\/p>\n<p style=\"text-align: justify;\">Pentru a nu \u00eengreuna interven\u021bia utilajelor, \u0219oferii sunt ruga\u021bi s\u0103 nu parcheze autoturismele pe marginea str\u0103zilor.<\/p>\n<p style=\"text-align: justify;\">Pe perioada codului portocaliu se va institui serviciul de permanen\u021b\u0103 la sediul Prim\u0103riei. Telefonul pentru sesiz\u0103ri \u015fi reclama\u0163ii este 0246\/ 219 409.<\/p>\n","protected":false},"excerpt":{"rendered":"<p>Ca urmare a avertiz\u0103rii de Cod portocaliu de ninsori \u0219i viscol puternic, emis\u0103 de Administra\u021bia Na\u021bional\u0103 de Meteorologie, reprezentan\u0163ii municipalit\u0103\u0163ii<\/p>\n","protected":false},"author":2,"featured_media":0,"comment_status":"open","ping_status":"open","sticky":false,"template":"","format":"standard","meta":{"footnotes":""},"categories":[8],"tags":[],"class_list":["post-36699","post","type-post","status-publish","format-standard","hentry","category-alert-news"],"_links":{"self":[{"href":"https:\/\/www.giurgiuveanul.ro\/stiri\/wp-json\/wp\/v2\/posts\/36699","targetHints":{"allow":["GET"]}}],"collection":[{"href":"https:\/\/www.giurgiuveanul.ro\/stiri\/wp-json\/wp\/v2\/posts"}],"about":[{"href":"https:\/\/www.giurgiuveanul.ro\/stiri\/wp-json\/wp\/v2\/types\/post"}],"author":[{"embeddable":true,"href":"https:\/\/www.giurgiuveanul.ro\/stiri\/wp-json\/wp\/v2\/users\/2"}],"replies":[{"embeddable":true,"href":"https:\/\/www.giurgiuveanul.ro\/stiri\/wp-json\/wp\/v2\/comments?post=36699"}],"version-history":[{"count":0,"href":"https:\/\/www.giurgiuveanul.ro\/stiri\/wp-json\/wp\/v2\/posts\/36699\/revisions"}],"wp:attachment":[{"href":"https:\/\/www.giurgiuveanul.ro\/stiri\/wp-json\/wp\/v2\/media?parent=36699"}],"wp:term":[{"taxonomy":"category","embeddable":true,"href":"https:\/\/www.giurgiuveanul.ro\/stiri\/wp-json\/wp\/v2\/categories?post=36699"},{"taxonomy":"post_tag","embeddable":true,"href":"https:\/\/www.giurgiuveanul.ro\/stiri\/wp-json\/wp\/v2\/tags?post=36699"}],"curies":[{"name":"wp","href":"https:\/\/api.w.org\/{rel}","templated":true}]}}