{"id":36762,"date":"2017-01-07T15:10:02","date_gmt":"2017-01-07T13:10:02","guid":{"rendered":"https:\/\/www.giurgiuveanul.ro\/stiri\/?p=36762"},"modified":"2017-01-07T16:16:25","modified_gmt":"2017-01-07T14:16:25","slug":"la-multi-ani-tuturor-celor-care-poarta-numele-de-ioan-ion-ionela-sau-ioana","status":"publish","type":"post","link":"https:\/\/www.giurgiuveanul.ro\/stiri\/la-multi-ani-tuturor-celor-care-poarta-numele-de-ioan-ion-ionela-sau-ioana\/","title":{"rendered":"La Mul\u0163i Ani tuturor celor care poart\u0103 numele de Ioan, Ion, Ionela sau Ioana!"},"content":{"rendered":"<p style=\"text-align: justify;\"><a href=\"https:\/\/www.giurgiuveanul.ro\/stiri\/wp-content\/uploads\/2017\/01\/la-multi-ani-de-sfantul-ioan-4_756c0500b68584.jpg\"><img loading=\"lazy\" decoding=\"async\" class=\"aligncenter size-large wp-image-36763\" src=\"https:\/\/www.giurgiuveanul.ro\/stiri\/wp-content\/uploads\/2017\/01\/la-multi-ani-de-sfantul-ioan-4_756c0500b68584-560x395.jpg\" alt=\"la-multi-ani-de-sfantul-ioan-4_756c0500b68584\" width=\"560\" height=\"395\" srcset=\"https:\/\/www.giurgiuveanul.ro\/stiri\/wp-content\/uploads\/2017\/01\/la-multi-ani-de-sfantul-ioan-4_756c0500b68584-560x395.jpg 560w, https:\/\/www.giurgiuveanul.ro\/stiri\/wp-content\/uploads\/2017\/01\/la-multi-ani-de-sfantul-ioan-4_756c0500b68584-250x176.jpg 250w, https:\/\/www.giurgiuveanul.ro\/stiri\/wp-content\/uploads\/2017\/01\/la-multi-ani-de-sfantul-ioan-4_756c0500b68584-400x282.jpg 400w, https:\/\/www.giurgiuveanul.ro\/stiri\/wp-content\/uploads\/2017\/01\/la-multi-ani-de-sfantul-ioan-4_756c0500b68584.jpg 620w\" sizes=\"auto, (max-width: 560px) 100vw, 560px\" \/><\/a>\u00cen fiecare an, pe 7 ianuarie, s\u0103rb\u0103torim pe Sf\u00e2ntul Ioan Botez\u0103torul, cel care <!--more-->l-a botezat pe M\u00e2ntuitorul Iisus Hristos \u00een r\u00e2ul Iordan.<\/p>\n<p style=\"text-align: justify;\">Cu acest prilej, Giurgiuveanul ureaz\u0103 celor care poart\u0103 numele acestui sf\u00e2nt s\u0103 aib\u0103 parte de un an plin de realiz\u0103ri, putere de munc\u0103 \u015fi mult\u0103 s\u0103n\u0103tate al\u0103turi de cei dragi!<\/p>\n","protected":false},"excerpt":{"rendered":"<p>\u00cen fiecare an, pe 7 ianuarie, s\u0103rb\u0103torim pe Sf\u00e2ntul Ioan Botez\u0103torul, cel care<\/p>\n","protected":false},"author":2,"featured_media":0,"comment_status":"open","ping_status":"open","sticky":false,"template":"","format":"standard","meta":{"footnotes":""},"categories":[16],"tags":[],"class_list":["post-36762","post","type-post","status-publish","format-standard","hentry","category-astazi-e-ziua-ta"],"_links":{"self":[{"href":"https:\/\/www.giurgiuveanul.ro\/stiri\/wp-json\/wp\/v2\/posts\/36762","targetHints":{"allow":["GET"]}}],"collection":[{"href":"https:\/\/www.giurgiuveanul.ro\/stiri\/wp-json\/wp\/v2\/posts"}],"about":[{"href":"https:\/\/www.giurgiuveanul.ro\/stiri\/wp-json\/wp\/v2\/types\/post"}],"author":[{"embeddable":true,"href":"https:\/\/www.giurgiuveanul.ro\/stiri\/wp-json\/wp\/v2\/users\/2"}],"replies":[{"embeddable":true,"href":"https:\/\/www.giurgiuveanul.ro\/stiri\/wp-json\/wp\/v2\/comments?post=36762"}],"version-history":[{"count":0,"href":"https:\/\/www.giurgiuveanul.ro\/stiri\/wp-json\/wp\/v2\/posts\/36762\/revisions"}],"wp:attachment":[{"href":"https:\/\/www.giurgiuveanul.ro\/stiri\/wp-json\/wp\/v2\/media?parent=36762"}],"wp:term":[{"taxonomy":"category","embeddable":true,"href":"https:\/\/www.giurgiuveanul.ro\/stiri\/wp-json\/wp\/v2\/categories?post=36762"},{"taxonomy":"post_tag","embeddable":true,"href":"https:\/\/www.giurgiuveanul.ro\/stiri\/wp-json\/wp\/v2\/tags?post=36762"}],"curies":[{"name":"wp","href":"https:\/\/api.w.org\/{rel}","templated":true}]}}