{"id":36765,"date":"2017-01-07T15:23:05","date_gmt":"2017-01-07T13:23:05","guid":{"rendered":"https:\/\/www.giurgiuveanul.ro\/stiri\/?p=36765"},"modified":"2017-01-07T15:23:05","modified_gmt":"2017-01-07T13:23:05","slug":"prefectul-de-giurgiu-demisia","status":"publish","type":"post","link":"https:\/\/www.giurgiuveanul.ro\/stiri\/prefectul-de-giurgiu-demisia\/","title":{"rendered":"Prefectul de Giurgiu, demisia!"},"content":{"rendered":"<p style=\"text-align: justify;\"><a href=\"https:\/\/www.giurgiuveanul.ro\/stiri\/wp-content\/uploads\/2017\/01\/zzt.jpg\"><img loading=\"lazy\" decoding=\"async\" class=\"aligncenter size-large wp-image-36766\" src=\"https:\/\/www.giurgiuveanul.ro\/stiri\/wp-content\/uploads\/2017\/01\/zzt-560x373.jpg\" alt=\"zzt\" width=\"560\" height=\"373\" srcset=\"https:\/\/www.giurgiuveanul.ro\/stiri\/wp-content\/uploads\/2017\/01\/zzt-560x373.jpg 560w, https:\/\/www.giurgiuveanul.ro\/stiri\/wp-content\/uploads\/2017\/01\/zzt-250x167.jpg 250w, https:\/\/www.giurgiuveanul.ro\/stiri\/wp-content\/uploads\/2017\/01\/zzt-400x267.jpg 400w, https:\/\/www.giurgiuveanul.ro\/stiri\/wp-content\/uploads\/2017\/01\/zzt.jpg 960w\" sizes=\"auto, (max-width: 560px) 100vw, 560px\" \/><\/a>Ministrul de Interne, Carmen Dan, a <!--more-->declarat, s\u00e2mb\u0103t\u0103, c\u0103 \u00eei cere premierului Sorin Grindeanu s\u0103 \u00eel demit\u0103 pe prefectul jude\u0163ului Giurgiu, Zorinel Niculcea, dup\u0103 ce, \u00een urm\u0103 cu dou\u0103 zile, l-a c\u0103utat la telefon timp de trei ore \u015fi acesta \u201ea fost de neg\u0103sit\u201d.<\/p>\n<p style=\"text-align: justify;\"><em>\u00a0\u201eAceast\u0103 situa\u0163ie a fost un test pentru toat\u0103 lumea, pentru to\u0163i cei care au avut competen\u0163e \u00een gestionare. Acum dou\u0103 nop\u0163i l-am c\u0103utat vreo trei ore pe prefectul de la Giurgiu. O s\u0103 \u00eel rog pe domnul ministru s\u0103 dispun\u0103 \u00eencetarea exercit\u0103rii pentru prefectul de la Girgiu\u201d,<\/em> a spus Carmen Dan, dup\u0103 o vizit\u0103 de lucru la Ministerul Transporturilor.<\/p>\n<p style=\"text-align: justify;\">Ea a ad\u0103ugat c\u0103 e \u201ee nepermis s\u0103 fii de neg\u0103sit\u201d \u00een momente de criz\u0103, mai ales c\u0103 \u00een jude\u0163ul Giurgiu exist\u0103 \u015fi vam\u0103.<\/p>\n<p style=\"text-align: justify;\">Zorinel Niculcea a fost numit \u00een func\u0163ia de prefect al jude\u0163ului Giurgiu \u00een aprilie 2016. Anterior, el a fost \u00een dou\u0103 r\u00e2nduri prefect de Teleorman, sus\u0163inut de PNL.<\/p>\n","protected":false},"excerpt":{"rendered":"<p>Ministrul de Interne, Carmen Dan, a<\/p>\n","protected":false},"author":2,"featured_media":0,"comment_status":"open","ping_status":"open","sticky":false,"template":"","format":"standard","meta":{"footnotes":""},"categories":[8],"tags":[],"class_list":["post-36765","post","type-post","status-publish","format-standard","hentry","category-alert-news"],"_links":{"self":[{"href":"https:\/\/www.giurgiuveanul.ro\/stiri\/wp-json\/wp\/v2\/posts\/36765","targetHints":{"allow":["GET"]}}],"collection":[{"href":"https:\/\/www.giurgiuveanul.ro\/stiri\/wp-json\/wp\/v2\/posts"}],"about":[{"href":"https:\/\/www.giurgiuveanul.ro\/stiri\/wp-json\/wp\/v2\/types\/post"}],"author":[{"embeddable":true,"href":"https:\/\/www.giurgiuveanul.ro\/stiri\/wp-json\/wp\/v2\/users\/2"}],"replies":[{"embeddable":true,"href":"https:\/\/www.giurgiuveanul.ro\/stiri\/wp-json\/wp\/v2\/comments?post=36765"}],"version-history":[{"count":0,"href":"https:\/\/www.giurgiuveanul.ro\/stiri\/wp-json\/wp\/v2\/posts\/36765\/revisions"}],"wp:attachment":[{"href":"https:\/\/www.giurgiuveanul.ro\/stiri\/wp-json\/wp\/v2\/media?parent=36765"}],"wp:term":[{"taxonomy":"category","embeddable":true,"href":"https:\/\/www.giurgiuveanul.ro\/stiri\/wp-json\/wp\/v2\/categories?post=36765"},{"taxonomy":"post_tag","embeddable":true,"href":"https:\/\/www.giurgiuveanul.ro\/stiri\/wp-json\/wp\/v2\/tags?post=36765"}],"curies":[{"name":"wp","href":"https:\/\/api.w.org\/{rel}","templated":true}]}}