{"id":36780,"date":"2017-01-08T12:04:42","date_gmt":"2017-01-08T10:04:42","guid":{"rendered":"https:\/\/www.giurgiuveanul.ro\/stiri\/?p=36780"},"modified":"2017-01-08T12:04:42","modified_gmt":"2017-01-08T10:04:42","slug":"cod-galben-de-ger-in-toata-romania-giurgiu-paralizat","status":"publish","type":"post","link":"https:\/\/www.giurgiuveanul.ro\/stiri\/cod-galben-de-ger-in-toata-romania-giurgiu-paralizat\/","title":{"rendered":"COD GALBEN de GER \u00een toat\u0103 Rom\u00e2nia! Giurgiu, paralizat!"},"content":{"rendered":"<p style=\"text-align: justify;\"><strong><a href=\"https:\/\/www.giurgiuveanul.ro\/stiri\/wp-content\/uploads\/2017\/01\/IMG_2030.jpg\"><img loading=\"lazy\" decoding=\"async\" class=\"aligncenter size-large wp-image-36781\" src=\"https:\/\/www.giurgiuveanul.ro\/stiri\/wp-content\/uploads\/2017\/01\/IMG_2030-556x450.jpg\" alt=\"img_2030\" width=\"556\" height=\"450\" srcset=\"https:\/\/www.giurgiuveanul.ro\/stiri\/wp-content\/uploads\/2017\/01\/IMG_2030-556x450.jpg 556w, https:\/\/www.giurgiuveanul.ro\/stiri\/wp-content\/uploads\/2017\/01\/IMG_2030-250x202.jpg 250w, https:\/\/www.giurgiuveanul.ro\/stiri\/wp-content\/uploads\/2017\/01\/IMG_2030-400x324.jpg 400w, https:\/\/www.giurgiuveanul.ro\/stiri\/wp-content\/uploads\/2017\/01\/IMG_2030.jpg 800w\" sizes=\"auto, (max-width: 556px) 100vw, 556px\" \/><\/a>Meteorologii au emis o nou\u0103 avertizare de COD GALBEN de GER pentru <!--more-->\u00eentreaga \u0163ar\u0103 valabil\u0103 \u00een zilele de 7, 8 \u015fi 9 ianuarie 2017!<\/strong><\/p>\n<p style=\"text-align: justify;\">\u00cen intervalul men\u0163ionat, vremea va fi geroas\u0103 \u00een cea mai mare parte a Rom\u00e2niei, at\u00e2t ziua, c\u00e2t \u015fi noaptea. Astfel, maximele diurne se vor situa frecvent \u00eentre -16 \u015fi -10 grade, iar minimele nocturne vor fi cuprinse \u00eentre -25 \u015fi -15 grade.<\/p>\n<p style=\"text-align: justify;\">Meteorologii noteaz\u0103 c\u0103 vremea geroas\u0103 va persista \u00een majoritatea regiunilor \u015fi pe parcursul s\u0103pt\u0103m\u00e2nii viitoare.<\/p>\n<p style=\"text-align: justify;\">Ca urmare a gerului puternic, elevii din jude\u0163ul Giurgiu nu vor face cursuri, \u00eentreaga activitate preuniversitar\u0103 fiind suspendat\u0103<\/p>\n","protected":false},"excerpt":{"rendered":"<p>Meteorologii au emis o nou\u0103 avertizare de COD GALBEN de GER pentru<\/p>\n","protected":false},"author":2,"featured_media":0,"comment_status":"open","ping_status":"open","sticky":false,"template":"","format":"standard","meta":{"footnotes":""},"categories":[8],"tags":[],"class_list":["post-36780","post","type-post","status-publish","format-standard","hentry","category-alert-news"],"_links":{"self":[{"href":"https:\/\/www.giurgiuveanul.ro\/stiri\/wp-json\/wp\/v2\/posts\/36780","targetHints":{"allow":["GET"]}}],"collection":[{"href":"https:\/\/www.giurgiuveanul.ro\/stiri\/wp-json\/wp\/v2\/posts"}],"about":[{"href":"https:\/\/www.giurgiuveanul.ro\/stiri\/wp-json\/wp\/v2\/types\/post"}],"author":[{"embeddable":true,"href":"https:\/\/www.giurgiuveanul.ro\/stiri\/wp-json\/wp\/v2\/users\/2"}],"replies":[{"embeddable":true,"href":"https:\/\/www.giurgiuveanul.ro\/stiri\/wp-json\/wp\/v2\/comments?post=36780"}],"version-history":[{"count":0,"href":"https:\/\/www.giurgiuveanul.ro\/stiri\/wp-json\/wp\/v2\/posts\/36780\/revisions"}],"wp:attachment":[{"href":"https:\/\/www.giurgiuveanul.ro\/stiri\/wp-json\/wp\/v2\/media?parent=36780"}],"wp:term":[{"taxonomy":"category","embeddable":true,"href":"https:\/\/www.giurgiuveanul.ro\/stiri\/wp-json\/wp\/v2\/categories?post=36780"},{"taxonomy":"post_tag","embeddable":true,"href":"https:\/\/www.giurgiuveanul.ro\/stiri\/wp-json\/wp\/v2\/tags?post=36780"}],"curies":[{"name":"wp","href":"https:\/\/api.w.org\/{rel}","templated":true}]}}