{"id":36791,"date":"2017-01-09T09:10:10","date_gmt":"2017-01-09T07:10:10","guid":{"rendered":"https:\/\/www.giurgiuveanul.ro\/stiri\/?p=36791"},"modified":"2017-01-09T09:10:10","modified_gmt":"2017-01-09T07:10:10","slug":"cum-circula-trenurile","status":"publish","type":"post","link":"https:\/\/www.giurgiuveanul.ro\/stiri\/cum-circula-trenurile\/","title":{"rendered":"Cum circul\u0103 trenurile"},"content":{"rendered":"<p style=\"text-align: justify;\"><a href=\"https:\/\/www.giurgiuveanul.ro\/stiri\/wp-content\/uploads\/2017\/01\/tren-zapada.jpg\"><img loading=\"lazy\" decoding=\"async\" class=\"aligncenter size-large wp-image-36792\" src=\"https:\/\/www.giurgiuveanul.ro\/stiri\/wp-content\/uploads\/2017\/01\/tren-zapada-560x421.jpg\" alt=\"tren-zapada\" width=\"560\" height=\"421\" srcset=\"https:\/\/www.giurgiuveanul.ro\/stiri\/wp-content\/uploads\/2017\/01\/tren-zapada-560x421.jpg 560w, https:\/\/www.giurgiuveanul.ro\/stiri\/wp-content\/uploads\/2017\/01\/tren-zapada-250x188.jpg 250w, https:\/\/www.giurgiuveanul.ro\/stiri\/wp-content\/uploads\/2017\/01\/tren-zapada-400x301.jpg 400w, https:\/\/www.giurgiuveanul.ro\/stiri\/wp-content\/uploads\/2017\/01\/tren-zapada.jpg 670w\" sizes=\"auto, (max-width: 560px) 100vw, 560px\" \/><\/a>La acest moment se circul\u0103 pe <!--more-->toate magistralele feroviare. Din cele 1300 de trenuri ale CFR C\u0103l\u0103tori care circul\u0103 zilnic \u00een Rom\u00e2nia, s-a luat decizia anul\u0103rii pentru ziua de 09 ianuarie a 29 de trenuri (ora 7 diminea\u021ba) pentru facilitarea accesului utilajelor \u0219i a echipelor de interven\u021bii \u0219i pentru evitarea unor situa\u021bii nepl\u0103cute pentru pasageri. M\u0103surile operative care se iau au ca PRIORITATE siguran\u021ba oamenilor \u0219i realizarea leg\u0103turilor \u00eentre marile ora\u0219e, pe magistrale. \u201eA\u0219a cum s-a \u00eent\u00e2mplat \u0219i zilele anterioare \u00een trenurile \u0219i \u00een G\u0103rile din: Constan\u021ba, Fete\u0219ti, Lehliu, Caracal, Craiova etc, \u0219i ast\u0103zi ne organiz\u0103m unde va fi necesar astfel \u00eenc\u00e2t pasagerii s\u0103 primeasc\u0103 ceai cald, cafea, sendvi\u0219uri, \u00een func\u021bie de posibilit\u0103\u021bile din teren\u201c, se arat\u0103 \u00eentr-un comunicat al CFR C\u0103l\u0103tori.<\/p>\n<p style=\"text-align: justify;\">Administra\u021bia Na\u021bional\u0103 de Meteorologie a emis, duminic\u0103 seara, o aten\u021bionare Cod galben de ger valabil\u0103 duminic\u0103 seara \u0219i luni la nivelul \u00eentregii \u021b\u0103ri, iar Codul galben de viscol a fost prelungit p\u00e2n\u0103 luni, la ora 4:00, \u00een 19 jude\u021be din Moldova, nordul Dobrogei \u0219i extremitatea de nord-est a Munteniei.<\/p>\n","protected":false},"excerpt":{"rendered":"<p>La acest moment se circul\u0103 pe<\/p>\n","protected":false},"author":2,"featured_media":0,"comment_status":"open","ping_status":"open","sticky":false,"template":"","format":"standard","meta":{"footnotes":""},"categories":[8],"tags":[],"class_list":["post-36791","post","type-post","status-publish","format-standard","hentry","category-alert-news"],"_links":{"self":[{"href":"https:\/\/www.giurgiuveanul.ro\/stiri\/wp-json\/wp\/v2\/posts\/36791","targetHints":{"allow":["GET"]}}],"collection":[{"href":"https:\/\/www.giurgiuveanul.ro\/stiri\/wp-json\/wp\/v2\/posts"}],"about":[{"href":"https:\/\/www.giurgiuveanul.ro\/stiri\/wp-json\/wp\/v2\/types\/post"}],"author":[{"embeddable":true,"href":"https:\/\/www.giurgiuveanul.ro\/stiri\/wp-json\/wp\/v2\/users\/2"}],"replies":[{"embeddable":true,"href":"https:\/\/www.giurgiuveanul.ro\/stiri\/wp-json\/wp\/v2\/comments?post=36791"}],"version-history":[{"count":0,"href":"https:\/\/www.giurgiuveanul.ro\/stiri\/wp-json\/wp\/v2\/posts\/36791\/revisions"}],"wp:attachment":[{"href":"https:\/\/www.giurgiuveanul.ro\/stiri\/wp-json\/wp\/v2\/media?parent=36791"}],"wp:term":[{"taxonomy":"category","embeddable":true,"href":"https:\/\/www.giurgiuveanul.ro\/stiri\/wp-json\/wp\/v2\/categories?post=36791"},{"taxonomy":"post_tag","embeddable":true,"href":"https:\/\/www.giurgiuveanul.ro\/stiri\/wp-json\/wp\/v2\/tags?post=36791"}],"curies":[{"name":"wp","href":"https:\/\/api.w.org\/{rel}","templated":true}]}}