{"id":36801,"date":"2017-01-09T14:52:30","date_gmt":"2017-01-09T12:52:30","guid":{"rendered":"https:\/\/www.giurgiuveanul.ro\/stiri\/?p=36801"},"modified":"2017-01-09T14:52:30","modified_gmt":"2017-01-09T12:52:30","slug":"elevii-nu-merg-la-cursuri-nici-marti","status":"publish","type":"post","link":"https:\/\/www.giurgiuveanul.ro\/stiri\/elevii-nu-merg-la-cursuri-nici-marti\/","title":{"rendered":"Elevii nu merg la cursuri nici mar\u0163i"},"content":{"rendered":"<p style=\"text-align: justify;\"><strong><a href=\"https:\/\/www.giurgiuveanul.ro\/stiri\/wp-content\/uploads\/2017\/01\/elevi_nameti.jpg\"><img loading=\"lazy\" decoding=\"async\" class=\"aligncenter size-large wp-image-36802\" src=\"https:\/\/www.giurgiuveanul.ro\/stiri\/wp-content\/uploads\/2017\/01\/elevi_nameti-560x350.jpg\" alt=\"elevi_nameti\" width=\"560\" height=\"350\" srcset=\"https:\/\/www.giurgiuveanul.ro\/stiri\/wp-content\/uploads\/2017\/01\/elevi_nameti-560x350.jpg 560w, https:\/\/www.giurgiuveanul.ro\/stiri\/wp-content\/uploads\/2017\/01\/elevi_nameti-250x156.jpg 250w, https:\/\/www.giurgiuveanul.ro\/stiri\/wp-content\/uploads\/2017\/01\/elevi_nameti-400x250.jpg 400w, https:\/\/www.giurgiuveanul.ro\/stiri\/wp-content\/uploads\/2017\/01\/elevi_nameti.jpg 600w\" sizes=\"auto, (max-width: 560px) 100vw, 560px\" \/><\/a>Elevii giurgiuveni ar putea avea parte de o vacan\u021b\u0103<!--more--> prelungit\u0103. \u00cen urma condi\u021biilor meteo nefavorabile \u0219i a temperaturilor mult prea sc\u0103zute anun\u0163ate,\u00a0 \u015fcolile din jude\u0163ul Giurgiu vor fi \u00eenchise \u015fi mar\u0163i.<\/strong><\/p>\n<p style=\"text-align: justify;\">Decizia va fi luat\u0103 ast\u0103zi, la \u015fedin\u0163a Comitetului Jude\u0163ean pentru Situa\u0163ii de Urgen\u0163\u0103, la propunerea Inspectoratului \u015ecolar, av\u00e2nd \u00een vedere c\u0103 jude\u0163ul Giurgiu se afl\u0103 sub cod protocaliu de ger.<\/p>\n<p style=\"text-align: justify;\">De altfel, elevii din Rom\u00e2nia au \u00eentocmit chiar o peti\u021bie \u00een care cer prelungirea vacan\u021bei de iarn\u0103 cu \u00eenc\u0103 o s\u0103pt\u0103m\u00e2n\u0103, \u00eentre 9 \u0219i 16 ianuarie, pe motiv c\u0103 temperaturile de la nivel na\u021bional \u0219i condi\u021biile meteo sunt mult prea aprige pentru ca ace\u0219tia s\u0103 poat\u0103 s\u0103 mearg\u0103 la \u0219coal\u0103.<\/p>\n","protected":false},"excerpt":{"rendered":"<p>Elevii giurgiuveni ar putea avea parte de o vacan\u021b\u0103<\/p>\n","protected":false},"author":2,"featured_media":0,"comment_status":"open","ping_status":"open","sticky":false,"template":"","format":"standard","meta":{"footnotes":""},"categories":[8],"tags":[],"class_list":["post-36801","post","type-post","status-publish","format-standard","hentry","category-alert-news"],"_links":{"self":[{"href":"https:\/\/www.giurgiuveanul.ro\/stiri\/wp-json\/wp\/v2\/posts\/36801","targetHints":{"allow":["GET"]}}],"collection":[{"href":"https:\/\/www.giurgiuveanul.ro\/stiri\/wp-json\/wp\/v2\/posts"}],"about":[{"href":"https:\/\/www.giurgiuveanul.ro\/stiri\/wp-json\/wp\/v2\/types\/post"}],"author":[{"embeddable":true,"href":"https:\/\/www.giurgiuveanul.ro\/stiri\/wp-json\/wp\/v2\/users\/2"}],"replies":[{"embeddable":true,"href":"https:\/\/www.giurgiuveanul.ro\/stiri\/wp-json\/wp\/v2\/comments?post=36801"}],"version-history":[{"count":0,"href":"https:\/\/www.giurgiuveanul.ro\/stiri\/wp-json\/wp\/v2\/posts\/36801\/revisions"}],"wp:attachment":[{"href":"https:\/\/www.giurgiuveanul.ro\/stiri\/wp-json\/wp\/v2\/media?parent=36801"}],"wp:term":[{"taxonomy":"category","embeddable":true,"href":"https:\/\/www.giurgiuveanul.ro\/stiri\/wp-json\/wp\/v2\/categories?post=36801"},{"taxonomy":"post_tag","embeddable":true,"href":"https:\/\/www.giurgiuveanul.ro\/stiri\/wp-json\/wp\/v2\/tags?post=36801"}],"curies":[{"name":"wp","href":"https:\/\/api.w.org\/{rel}","templated":true}]}}