{"id":36954,"date":"2017-01-14T09:57:54","date_gmt":"2017-01-14T07:57:54","guid":{"rendered":"https:\/\/www.giurgiuveanul.ro\/stiri\/?p=36954"},"modified":"2017-01-14T09:57:54","modified_gmt":"2017-01-14T07:57:54","slug":"ministrul-afacerilor-interne-carmen-dan-vine-astazi-la-giurgiu","status":"publish","type":"post","link":"https:\/\/www.giurgiuveanul.ro\/stiri\/ministrul-afacerilor-interne-carmen-dan-vine-astazi-la-giurgiu\/","title":{"rendered":"Ministrul Afacerilor Interne, Carmen Dan, vine ast\u0103zi la Giurgiu!"},"content":{"rendered":"<p style=\"text-align: justify;\"><strong><a href=\"https:\/\/www.giurgiuveanul.ro\/stiri\/wp-content\/uploads\/2017\/01\/carmen-dan.jpg\"><img loading=\"lazy\" decoding=\"async\" class=\"aligncenter size-large wp-image-36955\" src=\"https:\/\/www.giurgiuveanul.ro\/stiri\/wp-content\/uploads\/2017\/01\/carmen-dan-560x305.jpg\" alt=\"carmen dan\" width=\"560\" height=\"305\" srcset=\"https:\/\/www.giurgiuveanul.ro\/stiri\/wp-content\/uploads\/2017\/01\/carmen-dan-560x305.jpg 560w, https:\/\/www.giurgiuveanul.ro\/stiri\/wp-content\/uploads\/2017\/01\/carmen-dan-250x136.jpg 250w, https:\/\/www.giurgiuveanul.ro\/stiri\/wp-content\/uploads\/2017\/01\/carmen-dan-400x218.jpg 400w, https:\/\/www.giurgiuveanul.ro\/stiri\/wp-content\/uploads\/2017\/01\/carmen-dan.jpg 735w\" sizes=\"auto, (max-width: 560px) 100vw, 560px\" \/><\/a>Carmen Dan<\/strong>, noul ministru al Ministerului Afacerilor Interne, <!--more-->este a\u015fteptat\u0103 ast\u0103zi, 14 ianuarie 2017, la Prefectura Giurgiu.<\/p>\n<p style=\"text-align: justify;\">Ministresa o va instala ast\u0103zi \u00een func\u0163ia de prefect al jude\u0163ului Giurgiu pe <strong>Nina-Carmen Cri\u015fu<\/strong>, care va exercita cu caracter temporar, prin deta\u0219are \u00een condi\u021biile legii, func\u021bia public\u0103 de prefect al jude\u021bului Giurgiu.<\/p>\n<p style=\"text-align: justify;\">Vom reveni cu am\u0103nunte.<\/p>\n","protected":false},"excerpt":{"rendered":"<p>Carmen Dan, noul ministru al Ministerului Afacerilor Interne,<\/p>\n","protected":false},"author":2,"featured_media":0,"comment_status":"open","ping_status":"open","sticky":false,"template":"","format":"standard","meta":{"footnotes":""},"categories":[8],"tags":[],"class_list":["post-36954","post","type-post","status-publish","format-standard","hentry","category-alert-news"],"_links":{"self":[{"href":"https:\/\/www.giurgiuveanul.ro\/stiri\/wp-json\/wp\/v2\/posts\/36954","targetHints":{"allow":["GET"]}}],"collection":[{"href":"https:\/\/www.giurgiuveanul.ro\/stiri\/wp-json\/wp\/v2\/posts"}],"about":[{"href":"https:\/\/www.giurgiuveanul.ro\/stiri\/wp-json\/wp\/v2\/types\/post"}],"author":[{"embeddable":true,"href":"https:\/\/www.giurgiuveanul.ro\/stiri\/wp-json\/wp\/v2\/users\/2"}],"replies":[{"embeddable":true,"href":"https:\/\/www.giurgiuveanul.ro\/stiri\/wp-json\/wp\/v2\/comments?post=36954"}],"version-history":[{"count":0,"href":"https:\/\/www.giurgiuveanul.ro\/stiri\/wp-json\/wp\/v2\/posts\/36954\/revisions"}],"wp:attachment":[{"href":"https:\/\/www.giurgiuveanul.ro\/stiri\/wp-json\/wp\/v2\/media?parent=36954"}],"wp:term":[{"taxonomy":"category","embeddable":true,"href":"https:\/\/www.giurgiuveanul.ro\/stiri\/wp-json\/wp\/v2\/categories?post=36954"},{"taxonomy":"post_tag","embeddable":true,"href":"https:\/\/www.giurgiuveanul.ro\/stiri\/wp-json\/wp\/v2\/tags?post=36954"}],"curies":[{"name":"wp","href":"https:\/\/api.w.org\/{rel}","templated":true}]}}