{"id":36989,"date":"2017-01-15T15:37:28","date_gmt":"2017-01-15T13:37:28","guid":{"rendered":"https:\/\/www.giurgiuveanul.ro\/stiri\/?p=36989"},"modified":"2017-01-15T15:37:28","modified_gmt":"2017-01-15T13:37:28","slug":"mihai-eminescu-omagiat-in-catedrala-episcopala-adormirea-maicii-domnului","status":"publish","type":"post","link":"https:\/\/www.giurgiuveanul.ro\/stiri\/mihai-eminescu-omagiat-in-catedrala-episcopala-adormirea-maicii-domnului\/","title":{"rendered":"Mihai Eminescu, omagiat \u00een Catedrala Episcopal\u0103 \u201eAdormirea Maicii Domnului\u201d"},"content":{"rendered":"<p style=\"text-align: justify;\"><strong><a href=\"https:\/\/www.giurgiuveanul.ro\/stiri\/wp-content\/uploads\/2017\/01\/IMG_3425.jpg\"><img loading=\"lazy\" decoding=\"async\" class=\"aligncenter size-large wp-image-36990\" src=\"https:\/\/www.giurgiuveanul.ro\/stiri\/wp-content\/uploads\/2017\/01\/IMG_3425-430x450.jpg\" alt=\"IMG_3425\" width=\"430\" height=\"450\" srcset=\"https:\/\/www.giurgiuveanul.ro\/stiri\/wp-content\/uploads\/2017\/01\/IMG_3425-430x450.jpg 430w, https:\/\/www.giurgiuveanul.ro\/stiri\/wp-content\/uploads\/2017\/01\/IMG_3425-250x261.jpg 250w, https:\/\/www.giurgiuveanul.ro\/stiri\/wp-content\/uploads\/2017\/01\/IMG_3425-400x418.jpg 400w, https:\/\/www.giurgiuveanul.ro\/stiri\/wp-content\/uploads\/2017\/01\/IMG_3425.jpg 765w\" sizes=\"auto, (max-width: 430px) 100vw, 430px\" \/><\/a>\u00cen conformitate cu hot\u0103r\u00e2rea <!--more-->Sf\u00e2ntului Sinod din februarie 2013, \u00een fiecare eparhie din \u021bar\u0103 au fost oficiate slujbe de pomenire pentru marele poet na\u021bional \u0219i membrii familiei sale. \u00cen consecin\u021b\u0103, \u00een toate bisericile \u0219i m\u0103n\u0103stirile din cuprinsul Episcopiei Giurgiului au fost oficiate slujbe de pomerire la 167 de ani de la na\u015fterea poetului.<\/strong><\/p>\n<p style=\"text-align: justify;\">\n<p style=\"text-align: justify;\">Ast\u0103zi, 15 ianuarie, c\u00e2nd rom\u00e2nii de pretutindeni cinstesc Ziua Culturii Na\u021bionale, la Catedrala episcopal\u0103 \u201eAdormirea Maicii Domnului\u201d din Giurgiu, dup\u0103 Sf\u00e2nta Liturghie, a fost oficiat\u0103 slujba Parastasului pentru marele poet Mihai Eminescu \u0219i membrii familiei sale. Dup\u0103 acest moment liturgic, elevii Liceului Teoretic \u201eNicolae Cartojan\u201d au prezentat un program cultural dedicat \u201eLuceaf\u0103rului poeziei rom\u00e2ne\u0219ti\u201d.<\/p>\n<p style=\"text-align: justify;\"><a href=\"https:\/\/www.giurgiuveanul.ro\/stiri\/wp-content\/uploads\/2017\/01\/IMG_3403.jpg\"><img loading=\"lazy\" decoding=\"async\" class=\"aligncenter size-large wp-image-36991\" src=\"https:\/\/www.giurgiuveanul.ro\/stiri\/wp-content\/uploads\/2017\/01\/IMG_3403-560x370.jpg\" alt=\"IMG_3403\" width=\"560\" height=\"370\" srcset=\"https:\/\/www.giurgiuveanul.ro\/stiri\/wp-content\/uploads\/2017\/01\/IMG_3403-560x370.jpg 560w, https:\/\/www.giurgiuveanul.ro\/stiri\/wp-content\/uploads\/2017\/01\/IMG_3403-250x165.jpg 250w, https:\/\/www.giurgiuveanul.ro\/stiri\/wp-content\/uploads\/2017\/01\/IMG_3403-400x265.jpg 400w, https:\/\/www.giurgiuveanul.ro\/stiri\/wp-content\/uploads\/2017\/01\/IMG_3403.jpg 800w\" sizes=\"auto, (max-width: 560px) 100vw, 560px\" \/><\/a><\/p>\n<p style=\"text-align: justify;\">La final, un c\u00e2nt\u0103re\u0163 cunoscut de muzic\u0103 popular\u0103 giurgiuvean, Iulian Urlea, a interpretat piese pe versuri de Eminescu sau dedicate poetului nepereche.<\/p>\n<p style=\"text-align: justify;\"><a href=\"https:\/\/www.giurgiuveanul.ro\/stiri\/wp-content\/uploads\/2017\/01\/IMG_2487.jpg\"><img loading=\"lazy\" decoding=\"async\" class=\"aligncenter size-large wp-image-36992\" src=\"https:\/\/www.giurgiuveanul.ro\/stiri\/wp-content\/uploads\/2017\/01\/IMG_2487-560x427.jpg\" alt=\"IMG_2487\" width=\"560\" height=\"427\" srcset=\"https:\/\/www.giurgiuveanul.ro\/stiri\/wp-content\/uploads\/2017\/01\/IMG_2487-560x427.jpg 560w, https:\/\/www.giurgiuveanul.ro\/stiri\/wp-content\/uploads\/2017\/01\/IMG_2487-250x191.jpg 250w, https:\/\/www.giurgiuveanul.ro\/stiri\/wp-content\/uploads\/2017\/01\/IMG_2487-400x305.jpg 400w, https:\/\/www.giurgiuveanul.ro\/stiri\/wp-content\/uploads\/2017\/01\/IMG_2487.jpg 800w\" sizes=\"auto, (max-width: 560px) 100vw, 560px\" \/><\/a><\/p>\n<p style=\"text-align: justify;\">Prea Sfin\u0163itul Ambrozie, episcopul Giurgiului, a transmis un mesaj cu prilejul s\u0103rb\u0103toririi a 167 de ani de la na\u015fterea poetului na\u0163ional:<\/p>\n<p style=\"text-align: justify;\">\u201eRug\u00e2ndu-ne pentru Mihai Eminescu ne \u00eenve\u015fnicim \u00eempreun\u0103 cu el, tr\u0103ind \u00een n\u0103dejdea c\u0103 \u201eodat\u0103-n negre ziduri lumina d\u0103 n\u0103val\u0103&#8221;, pentru a r\u0103s\u0103ri \u00een noi \u201ecum din morm\u00e2nt r\u0103sare Hristos \u00eenving\u0103tor&#8221;.<\/p>\n<p style=\"text-align: justify;\"><a href=\"https:\/\/www.giurgiuveanul.ro\/stiri\/wp-content\/uploads\/2017\/01\/IMG_3451.jpg\"><img loading=\"lazy\" decoding=\"async\" class=\"aligncenter size-large wp-image-36993\" src=\"https:\/\/www.giurgiuveanul.ro\/stiri\/wp-content\/uploads\/2017\/01\/IMG_3451-560x359.jpg\" alt=\"IMG_3451\" width=\"560\" height=\"359\" srcset=\"https:\/\/www.giurgiuveanul.ro\/stiri\/wp-content\/uploads\/2017\/01\/IMG_3451-560x359.jpg 560w, https:\/\/www.giurgiuveanul.ro\/stiri\/wp-content\/uploads\/2017\/01\/IMG_3451-250x160.jpg 250w, https:\/\/www.giurgiuveanul.ro\/stiri\/wp-content\/uploads\/2017\/01\/IMG_3451-400x257.jpg 400w, https:\/\/www.giurgiuveanul.ro\/stiri\/wp-content\/uploads\/2017\/01\/IMG_3451.jpg 800w\" sizes=\"auto, (max-width: 560px) 100vw, 560px\" \/><\/a><\/p>\n","protected":false},"excerpt":{"rendered":"<p>\u00cen conformitate cu hot\u0103r\u00e2rea<\/p>\n","protected":false},"author":2,"featured_media":0,"comment_status":"open","ping_status":"open","sticky":false,"template":"","format":"standard","meta":{"footnotes":""},"categories":[8],"tags":[],"class_list":["post-36989","post","type-post","status-publish","format-standard","hentry","category-alert-news"],"_links":{"self":[{"href":"https:\/\/www.giurgiuveanul.ro\/stiri\/wp-json\/wp\/v2\/posts\/36989","targetHints":{"allow":["GET"]}}],"collection":[{"href":"https:\/\/www.giurgiuveanul.ro\/stiri\/wp-json\/wp\/v2\/posts"}],"about":[{"href":"https:\/\/www.giurgiuveanul.ro\/stiri\/wp-json\/wp\/v2\/types\/post"}],"author":[{"embeddable":true,"href":"https:\/\/www.giurgiuveanul.ro\/stiri\/wp-json\/wp\/v2\/users\/2"}],"replies":[{"embeddable":true,"href":"https:\/\/www.giurgiuveanul.ro\/stiri\/wp-json\/wp\/v2\/comments?post=36989"}],"version-history":[{"count":0,"href":"https:\/\/www.giurgiuveanul.ro\/stiri\/wp-json\/wp\/v2\/posts\/36989\/revisions"}],"wp:attachment":[{"href":"https:\/\/www.giurgiuveanul.ro\/stiri\/wp-json\/wp\/v2\/media?parent=36989"}],"wp:term":[{"taxonomy":"category","embeddable":true,"href":"https:\/\/www.giurgiuveanul.ro\/stiri\/wp-json\/wp\/v2\/categories?post=36989"},{"taxonomy":"post_tag","embeddable":true,"href":"https:\/\/www.giurgiuveanul.ro\/stiri\/wp-json\/wp\/v2\/tags?post=36989"}],"curies":[{"name":"wp","href":"https:\/\/api.w.org\/{rel}","templated":true}]}}