{"id":37045,"date":"2017-01-17T09:03:59","date_gmt":"2017-01-17T07:03:59","guid":{"rendered":"https:\/\/www.giurgiuveanul.ro\/stiri\/?p=37045"},"modified":"2017-01-17T09:03:59","modified_gmt":"2017-01-17T07:03:59","slug":"care-fost-cauza-probabila-incendiului-de-la-gradinita-din-malu","status":"publish","type":"post","link":"https:\/\/www.giurgiuveanul.ro\/stiri\/care-fost-cauza-probabila-incendiului-de-la-gradinita-din-malu\/","title":{"rendered":"Care a fost cauza probabil\u0103 a incendiului de la gr\u0103dini\u0163a din Malu"},"content":{"rendered":"<p style=\"text-align: justify;\"><a href=\"https:\/\/www.giurgiuveanul.ro\/stiri\/wp-content\/uploads\/2017\/01\/IMG-20170116-WA0010.jpg\"><img loading=\"lazy\" decoding=\"async\" class=\"aligncenter size-large wp-image-37046\" src=\"https:\/\/www.giurgiuveanul.ro\/stiri\/wp-content\/uploads\/2017\/01\/IMG-20170116-WA0010-356x450.jpg\" alt=\"IMG-20170116-WA0010\" width=\"356\" height=\"450\" srcset=\"https:\/\/www.giurgiuveanul.ro\/stiri\/wp-content\/uploads\/2017\/01\/IMG-20170116-WA0010-356x450.jpg 356w, https:\/\/www.giurgiuveanul.ro\/stiri\/wp-content\/uploads\/2017\/01\/IMG-20170116-WA0010-237x300.jpg 237w, https:\/\/www.giurgiuveanul.ro\/stiri\/wp-content\/uploads\/2017\/01\/IMG-20170116-WA0010-400x506.jpg 400w, https:\/\/www.giurgiuveanul.ro\/stiri\/wp-content\/uploads\/2017\/01\/IMG-20170116-WA0010.jpg 632w\" sizes=\"auto, (max-width: 356px) 100vw, 356px\" \/><\/a>Incendiul care a cuprins <!--more-->ieri, dup\u0103-amiaz\u0103, acoperi\u0219ul gr\u0103din\u0163ei din comuna Malu a fost provocat, cel mai probabil, de sc\u00e2nteile provenite de la co\u015ful de fum deteriorat, potrivit reprezentan\u021bilor Deta\u015famentului de Pompieri Giurgiu.<\/p>\n<p style=\"text-align: justify;\"><a href=\"https:\/\/www.giurgiuveanul.ro\/stiri\/wp-content\/uploads\/2017\/01\/IMG-20170116-WA0006.jpg\"><img loading=\"lazy\" decoding=\"async\" class=\"aligncenter size-large wp-image-37047\" src=\"https:\/\/www.giurgiuveanul.ro\/stiri\/wp-content\/uploads\/2017\/01\/IMG-20170116-WA0006-450x450.jpg\" alt=\"IMG-20170116-WA0006\" width=\"450\" height=\"450\" srcset=\"https:\/\/www.giurgiuveanul.ro\/stiri\/wp-content\/uploads\/2017\/01\/IMG-20170116-WA0006-450x450.jpg 450w, https:\/\/www.giurgiuveanul.ro\/stiri\/wp-content\/uploads\/2017\/01\/IMG-20170116-WA0006-250x250.jpg 250w, https:\/\/www.giurgiuveanul.ro\/stiri\/wp-content\/uploads\/2017\/01\/IMG-20170116-WA0006-200x200.jpg 200w, https:\/\/www.giurgiuveanul.ro\/stiri\/wp-content\/uploads\/2017\/01\/IMG-20170116-WA0006-400x400.jpg 400w, https:\/\/www.giurgiuveanul.ro\/stiri\/wp-content\/uploads\/2017\/01\/IMG-20170116-WA0006.jpg 800w\" sizes=\"auto, (max-width: 450px) 100vw, 450px\" \/><\/a><\/p>\n<p style=\"text-align: justify;\">Fl\u0103c\u0103rile au distrus aproximativ 500 de metri p\u0103tra\u021bi din acoperi\u0219.<\/p>\n<p style=\"text-align: justify;\">Dup\u0103 circa dou\u0103 ore, pompierii militari giurgiuveni care au ac\u021bionat la locul evenimentului au lichidat incendiul, cauza probabil\u0103 a producerii lui fiind sc\u00e2ntei c\u0103zute pe materialele combustibile, de la co\u015ful de fum deteriorat, men\u021bioneaz\u0103 surse din cadrul Deta\u015famentului de Pompieri Giurgiu.<\/p>\n<p style=\"text-align: justify;\">Conform aceleia\u0219i surse, nimeni nu a fost r\u0103nit \u00een incendiu.<\/p>\n<p style=\"text-align: justify;\">La fa\u021ba locului s-au deplasat ini\u021bial dou\u0103 autospeciale cu ap\u0103 \u0219i spum\u0103 de la Deta\u0219amentul de Pompieri Giurgiu, ulterior fiind trimise pentru sprijin \u00eenc\u0103 o autospecial\u0103 cu ap\u0103 \u0219i spum\u0103 \u0219i dou\u0103 autospeciale de prim\u0103 interven\u0163ie \u015fi comand\u0103.<\/p>\n","protected":false},"excerpt":{"rendered":"<p>Incendiul care a cuprins<\/p>\n","protected":false},"author":2,"featured_media":0,"comment_status":"open","ping_status":"open","sticky":false,"template":"","format":"standard","meta":{"footnotes":""},"categories":[6],"tags":[],"class_list":["post-37045","post","type-post","status-publish","format-standard","hentry","category-breaking-news"],"_links":{"self":[{"href":"https:\/\/www.giurgiuveanul.ro\/stiri\/wp-json\/wp\/v2\/posts\/37045","targetHints":{"allow":["GET"]}}],"collection":[{"href":"https:\/\/www.giurgiuveanul.ro\/stiri\/wp-json\/wp\/v2\/posts"}],"about":[{"href":"https:\/\/www.giurgiuveanul.ro\/stiri\/wp-json\/wp\/v2\/types\/post"}],"author":[{"embeddable":true,"href":"https:\/\/www.giurgiuveanul.ro\/stiri\/wp-json\/wp\/v2\/users\/2"}],"replies":[{"embeddable":true,"href":"https:\/\/www.giurgiuveanul.ro\/stiri\/wp-json\/wp\/v2\/comments?post=37045"}],"version-history":[{"count":0,"href":"https:\/\/www.giurgiuveanul.ro\/stiri\/wp-json\/wp\/v2\/posts\/37045\/revisions"}],"wp:attachment":[{"href":"https:\/\/www.giurgiuveanul.ro\/stiri\/wp-json\/wp\/v2\/media?parent=37045"}],"wp:term":[{"taxonomy":"category","embeddable":true,"href":"https:\/\/www.giurgiuveanul.ro\/stiri\/wp-json\/wp\/v2\/categories?post=37045"},{"taxonomy":"post_tag","embeddable":true,"href":"https:\/\/www.giurgiuveanul.ro\/stiri\/wp-json\/wp\/v2\/tags?post=37045"}],"curies":[{"name":"wp","href":"https:\/\/api.w.org\/{rel}","templated":true}]}}