{"id":37139,"date":"2017-01-19T08:40:44","date_gmt":"2017-01-19T06:40:44","guid":{"rendered":"https:\/\/www.giurgiuveanul.ro\/stiri\/?p=37139"},"modified":"2017-01-19T08:40:44","modified_gmt":"2017-01-19T06:40:44","slug":"accident-produs-pe-fondul-vizibilitatii-reduse","status":"publish","type":"post","link":"https:\/\/www.giurgiuveanul.ro\/stiri\/accident-produs-pe-fondul-vizibilitatii-reduse\/","title":{"rendered":"Accident produs pe fondul vizibilit\u0103\u021bii reduse"},"content":{"rendered":"<p style=\"text-align: justify;\"><strong><a href=\"https:\/\/www.giurgiuveanul.ro\/stiri\/wp-content\/uploads\/2017\/01\/IMG_3850.jpg\"><img loading=\"lazy\" decoding=\"async\" class=\"aligncenter size-large wp-image-37140\" src=\"https:\/\/www.giurgiuveanul.ro\/stiri\/wp-content\/uploads\/2017\/01\/IMG_3850-560x354.jpg\" alt=\"IMG_3850\" width=\"560\" height=\"354\" srcset=\"https:\/\/www.giurgiuveanul.ro\/stiri\/wp-content\/uploads\/2017\/01\/IMG_3850-560x354.jpg 560w, https:\/\/www.giurgiuveanul.ro\/stiri\/wp-content\/uploads\/2017\/01\/IMG_3850-250x158.jpg 250w, https:\/\/www.giurgiuveanul.ro\/stiri\/wp-content\/uploads\/2017\/01\/IMG_3850-400x253.jpg 400w, https:\/\/www.giurgiuveanul.ro\/stiri\/wp-content\/uploads\/2017\/01\/IMG_3850.jpg 800w\" sizes=\"auto, (max-width: 560px) 100vw, 560px\" \/><\/a>Un b\u0103rbat de 44 ani, <!--more-->H.F., din comuna B\u0103neasa, \u00een timp ce conducea autoturismul pe Drumul Na\u021bional 41, \u00een afara localit\u0103\u021bii Prundu, jude\u021bul Giurgiu, din cauza condi\u021biilor meteo nefavorabile (vizibilitate redus\u0103) a p\u0103truns pe contrasens \u0219i a intrat in coliziune cu un alt autoturism.<\/strong><\/p>\n<p style=\"text-align: justify;\">Din accident a rezultat r\u0103nirea u\u0219oar\u0103 a lui H. F. \u0219i a unui b\u0103rbat de 42 ani, din comuna Prundu, pasager pe locul din dreapta fa\u021b\u0103 a autoturismului care se deplasa regulamentar.<\/p>\n<p style=\"text-align: justify;\">Victimele au fost transportate la Spitalul Jude\u021bean Giurgiu.<\/p>\n<p style=\"text-align: justify;\">Ambii conduc\u0103tori auto au fost testa\u021bi cu aparatul etilo-test, rezultatele fiind negative si li s-au recoltat probe biologice de s\u00e2nge in vederea stabilirii alcoolemiei.<\/p>\n<p style=\"text-align: justify;\">Poli\u021bi\u0219tii Serviciului Rutier au deschis dosar penal pentru comiterea infrac\u021biunii de v\u0103t\u0103mare corporal\u0103 din culp\u0103.<\/p>\n","protected":false},"excerpt":{"rendered":"<p>Un b\u0103rbat de 44 ani,<\/p>\n","protected":false},"author":2,"featured_media":0,"comment_status":"open","ping_status":"open","sticky":false,"template":"","format":"standard","meta":{"footnotes":""},"categories":[8],"tags":[],"class_list":["post-37139","post","type-post","status-publish","format-standard","hentry","category-alert-news"],"_links":{"self":[{"href":"https:\/\/www.giurgiuveanul.ro\/stiri\/wp-json\/wp\/v2\/posts\/37139","targetHints":{"allow":["GET"]}}],"collection":[{"href":"https:\/\/www.giurgiuveanul.ro\/stiri\/wp-json\/wp\/v2\/posts"}],"about":[{"href":"https:\/\/www.giurgiuveanul.ro\/stiri\/wp-json\/wp\/v2\/types\/post"}],"author":[{"embeddable":true,"href":"https:\/\/www.giurgiuveanul.ro\/stiri\/wp-json\/wp\/v2\/users\/2"}],"replies":[{"embeddable":true,"href":"https:\/\/www.giurgiuveanul.ro\/stiri\/wp-json\/wp\/v2\/comments?post=37139"}],"version-history":[{"count":0,"href":"https:\/\/www.giurgiuveanul.ro\/stiri\/wp-json\/wp\/v2\/posts\/37139\/revisions"}],"wp:attachment":[{"href":"https:\/\/www.giurgiuveanul.ro\/stiri\/wp-json\/wp\/v2\/media?parent=37139"}],"wp:term":[{"taxonomy":"category","embeddable":true,"href":"https:\/\/www.giurgiuveanul.ro\/stiri\/wp-json\/wp\/v2\/categories?post=37139"},{"taxonomy":"post_tag","embeddable":true,"href":"https:\/\/www.giurgiuveanul.ro\/stiri\/wp-json\/wp\/v2\/tags?post=37139"}],"curies":[{"name":"wp","href":"https:\/\/api.w.org\/{rel}","templated":true}]}}