{"id":37142,"date":"2017-01-19T08:53:03","date_gmt":"2017-01-19T06:53:03","guid":{"rendered":"https:\/\/www.giurgiuveanul.ro\/stiri\/?p=37142"},"modified":"2017-01-19T08:53:03","modified_gmt":"2017-01-19T06:53:03","slug":"incredibil-elevii-care-fac-naveta-risca-sa-nu-li-se-mai-deconteze-abonamentul","status":"publish","type":"post","link":"https:\/\/www.giurgiuveanul.ro\/stiri\/incredibil-elevii-care-fac-naveta-risca-sa-nu-li-se-mai-deconteze-abonamentul\/","title":{"rendered":"Incredibil! Elevii care fac naveta risc\u0103 s\u0103 nu li se mai deconteze abonamentul"},"content":{"rendered":"<p style=\"text-align: justify;\"><a href=\"https:\/\/www.giurgiuveanul.ro\/stiri\/wp-content\/uploads\/2017\/01\/naveta-elevi.jpg\"><img loading=\"lazy\" decoding=\"async\" class=\"aligncenter size-large wp-image-37143\" src=\"https:\/\/www.giurgiuveanul.ro\/stiri\/wp-content\/uploads\/2017\/01\/naveta-elevi-560x319.jpg\" alt=\"naveta-elevi\" width=\"560\" height=\"319\" srcset=\"https:\/\/www.giurgiuveanul.ro\/stiri\/wp-content\/uploads\/2017\/01\/naveta-elevi-560x319.jpg 560w, https:\/\/www.giurgiuveanul.ro\/stiri\/wp-content\/uploads\/2017\/01\/naveta-elevi-250x143.jpg 250w, https:\/\/www.giurgiuveanul.ro\/stiri\/wp-content\/uploads\/2017\/01\/naveta-elevi-400x228.jpg 400w, https:\/\/www.giurgiuveanul.ro\/stiri\/wp-content\/uploads\/2017\/01\/naveta-elevi.jpg 800w\" sizes=\"auto, (max-width: 560px) 100vw, 560px\" \/><\/a>Naveti\u015ftii care studiaz\u0103 \u00een municipiul Giurgiu \u015fi<!--more--> fac drumul din localitatea de domiciliu p\u00e2n\u0103 \u00een ora\u015f risc\u0103 s\u0103 nu mai vad\u0103 un leu din banii pe care \u00eei dau pe abonament. Acest lucru se \u00eent\u00e2mpl\u0103 pentru c\u0103 a intrat \u00een vigoare o ordonan\u0163\u0103 de urgen\u0163\u0103 \u2013 OUG 69 &#8211; votat\u0103 de c\u0103tre Guvernul Ciolo\u015f prin care naveta este decontat\u0103 de c\u0103tre Ministerul Educa\u0163iei, doar dac\u0103 transportatorii adopt\u0103 pre\u0163ul maximal impus. Cum majoritatea transportatorilor nu \u00ee\u015fi vor modifica tarifele pentru a se \u00eencadra \u00een tariful impus, elevii care merg \u00eencep\u00e2nd cu luna ianuarie s\u0103 \u00ee\u015fi deconteze abonamentul, se pot trezi cu un refuz. Vina nu apar\u0163ine institu\u0163iei de \u00eenv\u0103\u0163\u0103m\u00e2nt, ci a normelor clare impuse de OUG 69.<\/p>\n<p style=\"text-align: justify;\">Prin OUG 69 s-au adus modific\u0103ri la Legea Educa\u0163iei, la art. 84, alin (3) \u201eElevilor care nu pot fi \u015fcolariza\u0163i \u00een localitatea de domiciliu li se deconteaz\u0103 cheltuielile de transport din bugetul Ministerului Educa\u0163iei, Cercet\u0103rii, Tineretului \u015fi Sportului, prin unit\u0103\u0163ile de \u00eenv\u0103\u0163\u0103m\u00e2nt la care sunt \u015fcolariza\u0163i, pe baz\u0103 de abonament, \u00een limita a 50 km, sau li se asigur\u0103 decontarea sumei ce reprezint\u0103 contravaloarea a 8 c\u0103l\u0103torii dus-\u00eentors pe semestru, dac\u0103 locuiesc la internat sau \u00een gazd\u0103\u201d. Modific\u0103rile aduse articolului sunt urm\u0103toarele:<\/p>\n<p style=\"text-align: justify;\">\u201e(3.1) Prin derogare de la prevederile art. 43 lit. b) din Legea serviciilor de transport public local nr. 92\/2007, cu modific\u0103rile \u015fi complet\u0103rile ulterioare, tariful maxim per kilometru aferent abonamentului de transport rutier prev\u0103zut la alin. (3) se stabile\u015fte \u015fi se actualizeaz\u0103 prin hot\u0103r\u00e2re a Guvernului; (3.2) Metodologia de calcul al tarifului maxim prev\u0103zut la alin. (3.1) \u015fi valorile aferente se aprob\u0103 prin hot\u0103r\u00e2re a Guvernului; (3.3) Operatorul de transport rutier are obliga\u0163ia s\u0103 emit\u0103 abonamente pentru transportul elevilor \u015fi s\u0103 asigure transportul rutier al elevilor potrivit prevederilor alin. (3.1)\u201d.<\/p>\n<p style=\"text-align: justify;\">OUG 69 prevede c\u0103 naveta se poate deconta doar la pre\u0163ul stabilit de Guvern. Dac\u0103 abonamentul este mai scump dec\u00e2t tariful stabilit de Guvern, elevii nu beneficiaz\u0103 de decontarea navetei.<\/p>\n<p style=\"text-align: justify;\">\n<p style=\"text-align: justify;\"><em>Marcela Petcu<\/em><\/p>\n","protected":false},"excerpt":{"rendered":"<p>Naveti\u015ftii care studiaz\u0103 \u00een municipiul Giurgiu \u015fi<\/p>\n","protected":false},"author":2,"featured_media":0,"comment_status":"open","ping_status":"open","sticky":false,"template":"","format":"standard","meta":{"footnotes":""},"categories":[8],"tags":[],"class_list":["post-37142","post","type-post","status-publish","format-standard","hentry","category-alert-news"],"_links":{"self":[{"href":"https:\/\/www.giurgiuveanul.ro\/stiri\/wp-json\/wp\/v2\/posts\/37142","targetHints":{"allow":["GET"]}}],"collection":[{"href":"https:\/\/www.giurgiuveanul.ro\/stiri\/wp-json\/wp\/v2\/posts"}],"about":[{"href":"https:\/\/www.giurgiuveanul.ro\/stiri\/wp-json\/wp\/v2\/types\/post"}],"author":[{"embeddable":true,"href":"https:\/\/www.giurgiuveanul.ro\/stiri\/wp-json\/wp\/v2\/users\/2"}],"replies":[{"embeddable":true,"href":"https:\/\/www.giurgiuveanul.ro\/stiri\/wp-json\/wp\/v2\/comments?post=37142"}],"version-history":[{"count":0,"href":"https:\/\/www.giurgiuveanul.ro\/stiri\/wp-json\/wp\/v2\/posts\/37142\/revisions"}],"wp:attachment":[{"href":"https:\/\/www.giurgiuveanul.ro\/stiri\/wp-json\/wp\/v2\/media?parent=37142"}],"wp:term":[{"taxonomy":"category","embeddable":true,"href":"https:\/\/www.giurgiuveanul.ro\/stiri\/wp-json\/wp\/v2\/categories?post=37142"},{"taxonomy":"post_tag","embeddable":true,"href":"https:\/\/www.giurgiuveanul.ro\/stiri\/wp-json\/wp\/v2\/tags?post=37142"}],"curies":[{"name":"wp","href":"https:\/\/api.w.org\/{rel}","templated":true}]}}